{"id":35775,"date":"2017-05-11T14:12:00","date_gmt":"2017-05-11T19:12:00","guid":{"rendered":"https:\/\/radiowebmx.com\/nota\/?p=35775"},"modified":"2017-05-11T14:12:00","modified_gmt":"2017-05-11T19:12:00","slug":"formacion-pedagogica-y-vocacion-imprescindibles-para-entender-la-educacion-mario-armando","status":"publish","type":"post","link":"https:\/\/radiowebmx.com\/nota\/formacion-pedagogica-y-vocacion-imprescindibles-para-entender-la-educacion-mario-armando\/","title":{"rendered":"Formaci\u00f3n pedag\u00f3gica y vocaci\u00f3n, imprescindibles para entender la educaci\u00f3n: Mario Armando"},"content":{"rendered":"<p class=\"x_MsoNormal\"><a href=\"https:\/\/radiowebmx.com\/nota\/wp-content\/uploads\/2017\/05\/Comunicado-656-1.jpg\"><img loading=\"lazy\" decoding=\"async\" class=\"alignnone size-medium wp-image-35776\" src=\"https:\/\/radiowebmx.com\/nota\/wp-content\/uploads\/2017\/05\/Comunicado-656-1-595x397.jpg\" alt=\"\" width=\"595\" height=\"397\" srcset=\"https:\/\/radiowebmx.com\/nota\/wp-content\/uploads\/2017\/05\/Comunicado-656-1-595x397.jpg 595w, https:\/\/radiowebmx.com\/nota\/wp-content\/uploads\/2017\/05\/Comunicado-656-1.jpg 709w\" sizes=\"auto, (max-width: 595px) 100vw, 595px\" \/><\/a><\/p>\n<p class=\"x_MsoNormal\">\n<p class=\"x_MsoNormal\"><b>Morelia; Michoac\u00e1n, 11 de mayo de 2017<\/b>.- \u00a0Es importante la libertad y la autocr\u00edtica para analizar la educaci\u00f3n, pero el compromiso social, la formaci\u00f3n pedag\u00f3gica y la vocaci\u00f3n, son imprescindibles para entenderla, sobretodo en estos momentos en donde el sistema educativo, se encuentra en una coyuntura de incertidumbre, diversidad social, pol\u00edtica y cultural, con aumento en la inseguridad, as\u00ed como la incorporaci\u00f3n cada vez mayor de j\u00f3venes al delito, expres\u00f3 el diputado Mario Armando Mendoza, orador oficial en la Sesi\u00f3n Solemne en la cual se entreg\u00f3 la Medalla \u00a0\u201cMichoac\u00e1n al M\u00e9rito Docente\u201d post Mortem al Profesor Seraf\u00edn Contreras Manzo y al Internado en Educaci\u00f3n Primaria No. 2 \u201cMelchor Ocampo\u201d del municipio de P\u00e1tzcuaro.<\/p>\n<p class=\"x_MsoNormal\">En la Sesi\u00f3n solemne que cont\u00f3 con la presencia de los titulares del Poder Ejecutivo y el Poder Judicial, el diputado Mario Armando Mendoza integrante de la Comisi\u00f3n de Educaci\u00f3n \u00a0reconoci\u00f3 de la obra del maestro Seraf\u00edn, su relevancia y visi\u00f3n en la creaci\u00f3n de Instituciones no s\u00f3lo en M\u00e9xico sino en Am\u00e9rica Latina. Destac\u00f3 el compromiso del Internado \u201cMelchor Ocampo\u201d para atender para atender la demanda educativa, instituci\u00f3n ha sido un parteaguas para que muchos ni\u00f1os de escasos recursos de la regi\u00f3n de P\u00e1tzcuaro hayan podido iniciar sus estudios de educaci\u00f3n primaria, logrando con ello su profesionalizaci\u00f3n.<\/p>\n<p class=\"x_MsoNormal\">En este tenor, se\u00f1al\u00f3 la importancia de incorporar temas, como la calidad, la inclusi\u00f3n. La tolerancia religiosa y la diversidad sexual, en esta encrucijada, los sistemas educativos formales\u00a0 tienen\u00a0 que evolucionar de manera vertiginosa y los nuevos maestros tienen que conocer las tecnolog\u00edas m\u00e1s avanzadas.<\/p>\n<p class=\"x_MsoNormal\">Asimismo, destac\u00f3 que ante el problema para algunos de la \u201cno adecuada\u201d educaci\u00f3n en las instituciones p\u00fablicas, afirm\u00f3 que esto no es porque sean de poca calidad sus maestros, es porque en algunos casos son malos directivos que llegan a las instituciones o funcionaros ineficientes que no saben de pol\u00edticas p\u00fablicas educativas.<\/p>\n<p class=\"x_MsoNormal\">Resalt\u00f3 la importancia de que las instituciones privadas se incorporen para atender la demanda educativa, en la educaci\u00f3n p\u00fablica en Michoac\u00e1n tenemos ejemplos claros de instituciones de gran prestigio. Por eso es fundamental que no se desmantelen las instituciones p\u00fablicas formadoras de docentes, que se transformen y se modernicen y act\u00faen en el marco de la ley sin duda alguna.<\/p>\n<p class=\"x_MsoNormal\">Por su parte, la Maestra Esmeralda Contreras a nombre de Seraf\u00edn Contreras, se\u00f1al\u00f3 que la obra integral del profesor es relevante y fecunda en lo material y en el campo de las ideas, la cual ha sido merecedora de numerosos reconocimientos y est\u00edmulos. Puntualiz\u00f3 que los educadores son sensibles, so\u00f1adores, trabajadores, comprometidos con la tarea de formar, con las herramientas para hacer de cada uno de los que los rodea la mejor versi\u00f3n de s\u00ed mismos, asimismo, se declar\u00f3 en contra del alfabetismo y se nombre soldado que porta el arma infalible del conocimiento.<\/p>\n<p class=\"x_MsoNormal\">Miguel Ch\u00e1vez Gonz\u00e1lez, Jefe de Sector No. 35 de Educaci\u00f3n Primaria, fue el encargado de hablar en \u00a0representaci\u00f3n del Internado en Educaci\u00f3n Primaria \u201cMelchor Ocampo\u201d, quien destac\u00f3 que actualmente el internado atiende a 270 alumnos a los cuales les brinda educaci\u00f3n, alimentaci\u00f3n, hospedaje y servicios de salud. Y subray\u00f3 que es la educaci\u00f3n el instrumento que permear\u00e1 la vida social, que conllevar\u00e1 a una gran estructuraci\u00f3n tanto en el aspecto social como en el acad\u00e9mico; por ello hizo un llamado al gobernador y al Poder Legislativo para que apoyen a equipar los talleres, la construcci\u00f3n de un domo para que los alumnos puedan con m\u00e1s eficacia y comodidad realizar sus actividades.<\/p>\n","protected":false},"excerpt":{"rendered":"<p>Morelia; Michoac\u00e1n, 11 de mayo de 2017.- \u00a0Es importante la libertad y la autocr\u00edtica para analizar la educaci\u00f3n, pero el compromiso social, la formaci\u00f3n pedag\u00f3gica y la vocaci\u00f3n, son imprescindibles para entenderla, sobretodo en estos momentos en donde el sistema educativo, se encuentra en una coyuntura de incertidumbre, diversidad social, pol\u00edtica y cultural, con aumento [&hellip;]<\/p>\n","protected":false},"author":2,"featured_media":35776,"comment_status":"closed","ping_status":"closed","sticky":false,"template":"","format":"standard","meta":{"footnotes":""},"categories":[6,14],"tags":[],"class_list":["post-35775","post","type-post","status-publish","format-standard","has-post-thumbnail","hentry","category-congreso-del-estado","category-destacadas"],"_links":{"self":[{"href":"https:\/\/radiowebmx.com\/nota\/wp-json\/wp\/v2\/posts\/35775","targetHints":{"allow":["GET"]}}],"collection":[{"href":"https:\/\/radiowebmx.com\/nota\/wp-json\/wp\/v2\/posts"}],"about":[{"href":"https:\/\/radiowebmx.com\/nota\/wp-json\/wp\/v2\/types\/post"}],"author":[{"embeddable":true,"href":"https:\/\/radiowebmx.com\/nota\/wp-json\/wp\/v2\/users\/2"}],"replies":[{"embeddable":true,"href":"https:\/\/radiowebmx.com\/nota\/wp-json\/wp\/v2\/comments?post=35775"}],"version-history":[{"count":1,"href":"https:\/\/radiowebmx.com\/nota\/wp-json\/wp\/v2\/posts\/35775\/revisions"}],"predecessor-version":[{"id":35777,"href":"https:\/\/radiowebmx.com\/nota\/wp-json\/wp\/v2\/posts\/35775\/revisions\/35777"}],"wp:featuredmedia":[{"embeddable":true,"href":"https:\/\/radiowebmx.com\/nota\/wp-json\/wp\/v2\/media\/35776"}],"wp:attachment":[{"href":"https:\/\/radiowebmx.com\/nota\/wp-json\/wp\/v2\/media?parent=35775"}],"wp:term":[{"taxonomy":"category","embeddable":true,"href":"https:\/\/radiowebmx.com\/nota\/wp-json\/wp\/v2\/categories?post=35775"},{"taxonomy":"post_tag","embeddable":true,"href":"https:\/\/radiowebmx.com\/nota\/wp-json\/wp\/v2\/tags?post=35775"}],"curies":[{"name":"wp","href":"https:\/\/api.w.org\/{rel}","templated":true}]}}