{"id":35765,"date":"2017-05-11T13:29:30","date_gmt":"2017-05-11T18:29:30","guid":{"rendered":"https:\/\/radiowebmx.com\/nota\/?p=35765"},"modified":"2017-05-11T13:29:30","modified_gmt":"2017-05-11T18:29:30","slug":"alistan-instalacion-del-consejo-ciudadano-para-el-desarrollo-integral-de-vista-hermosa","status":"publish","type":"post","link":"https:\/\/radiowebmx.com\/nota\/alistan-instalacion-del-consejo-ciudadano-para-el-desarrollo-integral-de-vista-hermosa\/","title":{"rendered":"Alistan instalaci\u00f3n del Consejo Ciudadano para el Desarrollo Integral de Vista Hermosa"},"content":{"rendered":"<p><a href=\"https:\/\/radiowebmx.com\/nota\/wp-content\/uploads\/2017\/05\/71da6716-ab54-4cd2-b2b3-5a8704f0af5b.jpg\"><img loading=\"lazy\" decoding=\"async\" class=\"alignnone size-medium wp-image-35767\" src=\"https:\/\/radiowebmx.com\/nota\/wp-content\/uploads\/2017\/05\/71da6716-ab54-4cd2-b2b3-5a8704f0af5b-595x334.jpg\" alt=\"\" width=\"595\" height=\"334\" srcset=\"https:\/\/radiowebmx.com\/nota\/wp-content\/uploads\/2017\/05\/71da6716-ab54-4cd2-b2b3-5a8704f0af5b-595x334.jpg 595w, https:\/\/radiowebmx.com\/nota\/wp-content\/uploads\/2017\/05\/71da6716-ab54-4cd2-b2b3-5a8704f0af5b.jpg 709w\" sizes=\"auto, (max-width: 595px) 100vw, 595px\" \/><\/a><\/p>\n<p>&nbsp;<\/p>\n<p><strong>Morelia, Michoac\u00e1n, a 11 de mayo de 2017.-\u00a0<\/strong>El titular de la Procuradur\u00eda de Protecci\u00f3n al Ambiente (ProAm) y enlace del Gobierno del Estado con el Ayuntamiento de Vista Hermosa, Juan Carlos Vega Sol\u00f3rzano, se reuni\u00f3 con funcionarios municipales y directivos de la empresa Su Karne para alistar la instalaci\u00f3n del Consejo Ciudadano para el Desarrollo Integral de esa demarcaci\u00f3n.<\/p>\n<p>El funcionario estatal resalt\u00f3 que esta estrategia impulsada por la administraci\u00f3n que encabeza el Gobernador Silvano Aureoles Conejo permitir\u00e1 acompa\u00f1ar al Ayuntamiento en proyectos que generen \u00e1reas de oportunidad que mejoren la calidad de vida de la poblaci\u00f3n.<\/p>\n<p>\u201cFungiremos como facilitadores en la resoluci\u00f3n de las prioridades de este municipio, sin que esto signifique que se suplan las funciones de los enlaces federal y estatal. Cuidaremos los tiempos de los compromisos que se tienen por parte del Gobierno del Estado\u201d, asent\u00f3.<\/p>\n<p>El alcalde Nicol\u00e1s Ram\u00edrez Zaragoza se\u00f1al\u00f3 que las principales necesidades del municipio son fortalecer la econom\u00eda local, construir un libramiento, sanear el r\u00edo Duero y desazolvar la presa de Gonz\u00e1lez.<\/p>\n<p>Por su parte, el gerente general de SuKarne, Jos\u00e9 Alfredo Delena Garc\u00eda, indic\u00f3 que se requieren medidas que agilicen el acceso al municipio, toda vez que por su ubicaci\u00f3n geogr\u00e1fica conecta las zonas Occidente, Baj\u00edo y Centro del estado.<\/p>\n<p>En esta reuni\u00f3n de trabajo se acord\u00f3 celebrar un encuentro el 16 de mayo pr\u00f3ximo con los secretarios de Desarrollo Econ\u00f3mico, Jes\u00fas Melgoza, y de Desarrollo Rural y Agroalimentario, Francisco Huergo Maur\u00edn, para definir acciones encaminadas a detonar el desarrollo del municipio.<\/p>\n<p>Asimismo, se realiz\u00f3 un recorrido por la presa Gonz\u00e1lez, el relleno sanitario, el r\u00edo Duero, predios para el desarrollo de proyectos de vivienda a trav\u00e9s del Fondo Nacional de Habitaciones Populares, y la recientemente construida calle Lerdo Chiquito.<\/p>\n","protected":false},"excerpt":{"rendered":"<p>&nbsp; Morelia, Michoac\u00e1n, a 11 de mayo de 2017.-\u00a0El titular de la Procuradur\u00eda de Protecci\u00f3n al Ambiente (ProAm) y enlace del Gobierno del Estado con el Ayuntamiento de Vista Hermosa, Juan Carlos Vega Sol\u00f3rzano, se reuni\u00f3 con funcionarios municipales y directivos de la empresa Su Karne para alistar la instalaci\u00f3n del Consejo Ciudadano para el [&hellip;]<\/p>\n","protected":false},"author":2,"featured_media":35767,"comment_status":"closed","ping_status":"closed","sticky":false,"template":"","format":"standard","meta":{"footnotes":""},"categories":[14,3],"tags":[],"class_list":["post-35765","post","type-post","status-publish","format-standard","has-post-thumbnail","hentry","category-destacadas","category-gobierno-del-estado-de-michoacan"],"_links":{"self":[{"href":"https:\/\/radiowebmx.com\/nota\/wp-json\/wp\/v2\/posts\/35765","targetHints":{"allow":["GET"]}}],"collection":[{"href":"https:\/\/radiowebmx.com\/nota\/wp-json\/wp\/v2\/posts"}],"about":[{"href":"https:\/\/radiowebmx.com\/nota\/wp-json\/wp\/v2\/types\/post"}],"author":[{"embeddable":true,"href":"https:\/\/radiowebmx.com\/nota\/wp-json\/wp\/v2\/users\/2"}],"replies":[{"embeddable":true,"href":"https:\/\/radiowebmx.com\/nota\/wp-json\/wp\/v2\/comments?post=35765"}],"version-history":[{"count":1,"href":"https:\/\/radiowebmx.com\/nota\/wp-json\/wp\/v2\/posts\/35765\/revisions"}],"predecessor-version":[{"id":35768,"href":"https:\/\/radiowebmx.com\/nota\/wp-json\/wp\/v2\/posts\/35765\/revisions\/35768"}],"wp:featuredmedia":[{"embeddable":true,"href":"https:\/\/radiowebmx.com\/nota\/wp-json\/wp\/v2\/media\/35767"}],"wp:attachment":[{"href":"https:\/\/radiowebmx.com\/nota\/wp-json\/wp\/v2\/media?parent=35765"}],"wp:term":[{"taxonomy":"category","embeddable":true,"href":"https:\/\/radiowebmx.com\/nota\/wp-json\/wp\/v2\/categories?post=35765"},{"taxonomy":"post_tag","embeddable":true,"href":"https:\/\/radiowebmx.com\/nota\/wp-json\/wp\/v2\/tags?post=35765"}],"curies":[{"name":"wp","href":"https:\/\/api.w.org\/{rel}","templated":true}]}}