{"id":35762,"date":"2017-05-11T13:19:06","date_gmt":"2017-05-11T18:19:06","guid":{"rendered":"https:\/\/radiowebmx.com\/nota\/?p=35762"},"modified":"2017-05-11T13:24:42","modified_gmt":"2017-05-11T18:24:42","slug":"mejorar-servicios-de-salud-compromiso-del-gobierno-de-michoacan","status":"publish","type":"post","link":"https:\/\/radiowebmx.com\/nota\/mejorar-servicios-de-salud-compromiso-del-gobierno-de-michoacan\/","title":{"rendered":"Mejorar servicios de salud, compromiso del Gobierno de Michoac\u00e1n"},"content":{"rendered":"<p><a href=\"https:\/\/radiowebmx.com\/nota\/wp-content\/uploads\/2017\/05\/50e58c42-551b-40f9-af43-da504e387ae3-1.jpg\"><img loading=\"lazy\" decoding=\"async\" class=\"alignnone size-medium wp-image-35763\" src=\"https:\/\/radiowebmx.com\/nota\/wp-content\/uploads\/2017\/05\/50e58c42-551b-40f9-af43-da504e387ae3-1-595x396.jpg\" alt=\"\" width=\"595\" height=\"396\" srcset=\"https:\/\/radiowebmx.com\/nota\/wp-content\/uploads\/2017\/05\/50e58c42-551b-40f9-af43-da504e387ae3-1-595x396.jpg 595w, https:\/\/radiowebmx.com\/nota\/wp-content\/uploads\/2017\/05\/50e58c42-551b-40f9-af43-da504e387ae3-1.jpg 709w\" sizes=\"auto, (max-width: 595px) 100vw, 595px\" \/><\/a><\/p>\n<p>&nbsp;<\/p>\n<p><strong>Morelia,\u00a0 Michoac\u00e1n, a 11 de mayo del 2017.- <\/strong>Para que los m\u00e9dicos de primer nivel de la entidad mejoren y fortalezcan la prestaci\u00f3n de los servicios y el sistema de salud, inici\u00f3 el foro \u201cActualizaci\u00f3n del Sistema de Protecci\u00f3n Social en Salud&#8221; en la capital del estado, el cual se realizar\u00e1 del 11 al 12 de mayo.<\/p>\n<p>&nbsp;<\/p>\n<p>La directora general del R\u00e9gimen Estatal de Protecci\u00f3n Social en Salud, Diana Celia Carpio R\u00edos, explic\u00f3 que dicho foro es el inicio de un trabajo que se realizar\u00e1 en las ocho Jurisdicciones Sanitarias de la entidad con el objetivo de reunir al 100 por ciento de los m\u00e9dicos de primer nivel para capacitarlos y con ello, los servicios y atenci\u00f3n en los centros de salud mejoren.<\/p>\n<p>&nbsp;<\/p>\n<p>Destac\u00f3 que adem\u00e1s se abordar\u00e1n temas prioritarios como lo son las enfermedades cr\u00f3nico degenerativas, indicadores de salud, entre otros, para \u201cjuntos tejer una estrategia y mejorar la salud en la entidad\u201d.<\/p>\n<p>&nbsp;<\/p>\n<p>Carpio R\u00edos puntualiz\u00f3 que este foro forma parte del fortalecimiento del sistema salud que inici\u00f3 el Gobernador Silvano Aureoles Conejo con la dignificaci\u00f3n de todos los Centros y las Casas de Salud de la entidad.<\/p>\n<p>&nbsp;<\/p>\n<p>En representaci\u00f3n del secretario de Salud, El\u00edas Ibarra Torres,\u00a0 el subsecretario de Salud, Germ\u00e1n Ortega Silva, calific\u00f3 como un compromiso este tipo de foros, pues para la administraci\u00f3n estatal es fundamental la capacitaci\u00f3n del personal, \u201csobre todo en el primer nivel de atenci\u00f3n, pues le da estabilidad a la red de servicios de salud\u201d.<\/p>\n<p>&nbsp;<\/p>\n<p>Manifest\u00f3 que en a\u00f1os pasados este tipo de foros no se realizaban en la entidad, por lo que queda demostrado que en la administraci\u00f3n del Gobernador Silvano Aureoles Conejo, el rubro de la salud es fundamental para el desarrollo de la entidad.<\/p>\n<p>&nbsp;<\/p>\n<p>En su oportunidad, el titular de la Jurisdicci\u00f3n Sanitaria N\u00famero 01, con sede en Morelia,\u00a0 L\u00e1zaro Cort\u00e9s Rangel, agradeci\u00f3 este tipo de foros que nutren los conocimientos del personal m\u00e9dico, &#8220;y con ello quienes ser\u00e1n m\u00e1s beneficiados ser\u00e1n los pacientes&#8221;.<\/p>\n<p>&nbsp;<\/p>\n<p>Es importante destacar que en el foro \u201cActualizaci\u00f3n del Sistema de Protecci\u00f3n Social en Salud\u201d, se impartir\u00e1n los siguientes temas: Panorama General del Sistema de Protecci\u00f3n Social en Salud; Indicadores en Salud 2016 del Estado; Importancia de la prevenci\u00f3n de enfermedades cr\u00f3nicas no transmisibles; Gesti\u00f3n de Servicios de Salud; Carteras de Servicios, entre otros.<\/p>\n","protected":false},"excerpt":{"rendered":"<p>&nbsp; Morelia,\u00a0 Michoac\u00e1n, a 11 de mayo del 2017.- Para que los m\u00e9dicos de primer nivel de la entidad mejoren y fortalezcan la prestaci\u00f3n de los servicios y el sistema de salud, inici\u00f3 el foro \u201cActualizaci\u00f3n del Sistema de Protecci\u00f3n Social en Salud&#8221; en la capital del estado, el cual se realizar\u00e1 del 11 al [&hellip;]<\/p>\n","protected":false},"author":2,"featured_media":35763,"comment_status":"closed","ping_status":"closed","sticky":false,"template":"","format":"standard","meta":{"footnotes":""},"categories":[14,3],"tags":[],"class_list":["post-35762","post","type-post","status-publish","format-standard","has-post-thumbnail","hentry","category-destacadas","category-gobierno-del-estado-de-michoacan"],"_links":{"self":[{"href":"https:\/\/radiowebmx.com\/nota\/wp-json\/wp\/v2\/posts\/35762","targetHints":{"allow":["GET"]}}],"collection":[{"href":"https:\/\/radiowebmx.com\/nota\/wp-json\/wp\/v2\/posts"}],"about":[{"href":"https:\/\/radiowebmx.com\/nota\/wp-json\/wp\/v2\/types\/post"}],"author":[{"embeddable":true,"href":"https:\/\/radiowebmx.com\/nota\/wp-json\/wp\/v2\/users\/2"}],"replies":[{"embeddable":true,"href":"https:\/\/radiowebmx.com\/nota\/wp-json\/wp\/v2\/comments?post=35762"}],"version-history":[{"count":1,"href":"https:\/\/radiowebmx.com\/nota\/wp-json\/wp\/v2\/posts\/35762\/revisions"}],"predecessor-version":[{"id":35764,"href":"https:\/\/radiowebmx.com\/nota\/wp-json\/wp\/v2\/posts\/35762\/revisions\/35764"}],"wp:featuredmedia":[{"embeddable":true,"href":"https:\/\/radiowebmx.com\/nota\/wp-json\/wp\/v2\/media\/35763"}],"wp:attachment":[{"href":"https:\/\/radiowebmx.com\/nota\/wp-json\/wp\/v2\/media?parent=35762"}],"wp:term":[{"taxonomy":"category","embeddable":true,"href":"https:\/\/radiowebmx.com\/nota\/wp-json\/wp\/v2\/categories?post=35762"},{"taxonomy":"post_tag","embeddable":true,"href":"https:\/\/radiowebmx.com\/nota\/wp-json\/wp\/v2\/tags?post=35762"}],"curies":[{"name":"wp","href":"https:\/\/api.w.org\/{rel}","templated":true}]}}