{"id":35756,"date":"2017-05-10T12:21:37","date_gmt":"2017-05-10T17:21:37","guid":{"rendered":"https:\/\/radiowebmx.com\/nota\/?p=35756"},"modified":"2017-05-11T12:23:29","modified_gmt":"2017-05-11T17:23:29","slug":"reconoce-cen-del-pri-trabajo-del-diputado-wilfrido-lazaro-medina-a-favor-del-deporte","status":"publish","type":"post","link":"https:\/\/radiowebmx.com\/nota\/reconoce-cen-del-pri-trabajo-del-diputado-wilfrido-lazaro-medina-a-favor-del-deporte\/","title":{"rendered":"Reconoce CEN del PRI trabajo del diputado Wilfrido L\u00e1zaro Medina a favor del deporte"},"content":{"rendered":"<p>Morelia, Mich., a 09 de mayo de 2017.-\u00a0 El deporte debe de ser una pol\u00edtica de Estado permanente, transversal y que trastoque a toda la sociedad como medida fundamental de la salud, de prevenci\u00f3n social y de seguridad p\u00fablica, que debe ser vista como el mejor costo beneficio para la calidad de vida de los mexicanos, afirm\u00f3 el diputado del PRI, Wilfrido L\u00e1zaro Medina, quien fue elegido para formar parte de la Comisi\u00f3n Tem\u00e1tica y de Dictamen del Deporte de la XXII Asamblea Nacional del PRI.<\/p>\n<p>&nbsp;<\/p>\n<p>En el marco de la integraci\u00f3n e instalaci\u00f3n de\u00a0 la comisi\u00f3n tem\u00e1tica y de dictamen del deporte durante esta Asamblea Nacional, comisi\u00f3n a la que fue convocado el Diputado del tricolor, Wilfrido L\u00e1zaro Medina, se reconoci\u00f3 las aportaciones que ha hecho durante su gesti\u00f3n como presidente municipal y ahora como diputado local, al ser nombrado Amigo Solidario del Campeonato Mundial de Nataci\u00f3n para personas con Discapacidad Intelectual organizado por INAS, justa\u00a0 que habr\u00e1 de llevarse a cabo en Michoac\u00e1n en noviembre de este a\u00f1o.<\/p>\n<p>&nbsp;<\/p>\n<p>Entre las consideraciones para formar parte de esta comisi\u00f3n, se hizo especial \u00e9nfasis en los antecedentes y los \u00e9xitos logrados en su administraci\u00f3n como Presidente Municipal de Morelia, en donde se llevaron a cabo eventos nacionales e internacionales que permitieron que, como nunca, Morelia fuera honrada con el nombramiento de \u201cCapital Mexicana del deporte \u201d por quien entonces era su director el medallista ol\u00edmpico Jes\u00fas Mena.<\/p>\n<p>&nbsp;<\/p>\n<p>El diputado tricolor, adem\u00e1s organiz\u00f3 durante su responsabilidad como presidente\u00a0 municipal de Morelia,\u00a0 el 7o. Campeonato Mundial de Nataci\u00f3n para personas con S\u00edndrome de Down, as\u00ed como una edici\u00f3n del Campeonato Centro americano y del Caribe de Atletismo Mayor y posteriormente el mismo campeonato en la categor\u00eda sub 18 y sub 20, as\u00ed como un gran n\u00famero de eventos nacionales dando a Morelia otra categor\u00eda en el \u00e1mbito deportivo de M\u00e9xico.<\/p>\n<p>&nbsp;<\/p>\n<p>La comisi\u00f3n tem\u00e1tica sesion\u00f3 en la Ciudad de M\u00e9xico, cuya sede fue el CEN del PRI, ah\u00ed se reuni\u00f3 un grupo representativo de priistas de la Naci\u00f3n que habr\u00e1n de guiar la discusi\u00f3n de la asamblea nacional relativa al deporte, de tal suerte que sean revisados y actualizados sus documentos b\u00e1sicos relacionados con esta tem\u00e1tica y generar las propuestas de pol\u00edticas p\u00fablicas para el proceso electoral 2018.<\/p>\n<p>&nbsp;<\/p>\n<p>Los trabajos fueron encabezados por el secretario t\u00e9cnico del Consejo Pol\u00edtico Nacional, el Senador Ernesto G\u00e1ndara Camou, as\u00ed como por el diputado Pablo Fern\u00e1ndez, quien preside la Comisi\u00f3n, siendo acompa\u00f1ados por medallistas ol\u00edmpicos como Rommel Pacheco, entrenadores, catedr\u00e1ticos, investigadores, educadores y funcionarios del Deporte.<\/p>\n<p>&nbsp;<\/p>\n<p>Al final de la Asamblea de Instalaci\u00f3n fue aceptada la propuesta de Wilfrido L\u00e1zaro Medina para que en Morelia se lleve a cabo uno de los foros de la Comisi\u00f3n, particularmente el relacionado con el Deporte y la Discapacidad; y el Deporte y los adultos mayores. Temas de particular inter\u00e9s del legislador.<\/p>\n","protected":false},"excerpt":{"rendered":"<p>Morelia, Mich., a 09 de mayo de 2017.-\u00a0 El deporte debe de ser una pol\u00edtica de Estado permanente, transversal y que trastoque a toda la sociedad como medida fundamental de la salud, de prevenci\u00f3n social y de seguridad p\u00fablica, que debe ser vista como el mejor costo beneficio para la calidad de vida de los [&hellip;]<\/p>\n","protected":false},"author":2,"featured_media":35757,"comment_status":"closed","ping_status":"closed","sticky":false,"template":"","format":"standard","meta":{"footnotes":""},"categories":[6,14,7],"tags":[],"class_list":["post-35756","post","type-post","status-publish","format-standard","has-post-thumbnail","hentry","category-congreso-del-estado","category-destacadas","category-grupo-parlamentario-del-pri"],"_links":{"self":[{"href":"https:\/\/radiowebmx.com\/nota\/wp-json\/wp\/v2\/posts\/35756","targetHints":{"allow":["GET"]}}],"collection":[{"href":"https:\/\/radiowebmx.com\/nota\/wp-json\/wp\/v2\/posts"}],"about":[{"href":"https:\/\/radiowebmx.com\/nota\/wp-json\/wp\/v2\/types\/post"}],"author":[{"embeddable":true,"href":"https:\/\/radiowebmx.com\/nota\/wp-json\/wp\/v2\/users\/2"}],"replies":[{"embeddable":true,"href":"https:\/\/radiowebmx.com\/nota\/wp-json\/wp\/v2\/comments?post=35756"}],"version-history":[{"count":1,"href":"https:\/\/radiowebmx.com\/nota\/wp-json\/wp\/v2\/posts\/35756\/revisions"}],"predecessor-version":[{"id":35758,"href":"https:\/\/radiowebmx.com\/nota\/wp-json\/wp\/v2\/posts\/35756\/revisions\/35758"}],"wp:featuredmedia":[{"embeddable":true,"href":"https:\/\/radiowebmx.com\/nota\/wp-json\/wp\/v2\/media\/35757"}],"wp:attachment":[{"href":"https:\/\/radiowebmx.com\/nota\/wp-json\/wp\/v2\/media?parent=35756"}],"wp:term":[{"taxonomy":"category","embeddable":true,"href":"https:\/\/radiowebmx.com\/nota\/wp-json\/wp\/v2\/categories?post=35756"},{"taxonomy":"post_tag","embeddable":true,"href":"https:\/\/radiowebmx.com\/nota\/wp-json\/wp\/v2\/tags?post=35756"}],"curies":[{"name":"wp","href":"https:\/\/api.w.org\/{rel}","templated":true}]}}