{"id":35747,"date":"2017-05-11T12:13:59","date_gmt":"2017-05-11T17:13:59","guid":{"rendered":"https:\/\/radiowebmx.com\/nota\/?p=35747"},"modified":"2017-05-11T12:13:59","modified_gmt":"2017-05-11T17:13:59","slug":"a-garantizar-derechos-de-las-mujeres-exhorta-jeovana-alcantar","status":"publish","type":"post","link":"https:\/\/radiowebmx.com\/nota\/a-garantizar-derechos-de-las-mujeres-exhorta-jeovana-alcantar\/","title":{"rendered":"A garantizar derechos de las mujeres exhorta Jeovana Alc\u00e1ntar"},"content":{"rendered":"<p class=\"x_MsoNormal\"><a href=\"https:\/\/radiowebmx.com\/nota\/wp-content\/uploads\/2017\/05\/Comunicado-654.jpg\"><img loading=\"lazy\" decoding=\"async\" class=\"alignnone size-medium wp-image-35748\" src=\"https:\/\/radiowebmx.com\/nota\/wp-content\/uploads\/2017\/05\/Comunicado-654-595x570.jpg\" alt=\"\" width=\"595\" height=\"570\" srcset=\"https:\/\/radiowebmx.com\/nota\/wp-content\/uploads\/2017\/05\/Comunicado-654-595x570.jpg 595w, https:\/\/radiowebmx.com\/nota\/wp-content\/uploads\/2017\/05\/Comunicado-654.jpg 709w\" sizes=\"auto, (max-width: 595px) 100vw, 595px\" \/><\/a><\/p>\n<p class=\"x_MsoNormal\">\n<p class=\"x_MsoNormal\"><b>Morelia; Michoac\u00e1n, 10 de Mayo de 2017<\/b>.- A que los derechos de las mujeres sean garantizados plenamente exhort\u00f3 Jeovana Alc\u00e1ntar Baca, quien resalt\u00f3 que\u00a0 la celebraci\u00f3n del D\u00eda de las Madres debe dirigirse a todas aquellas mujeres que parecen estar olvidadas por la sociedad.<\/p>\n<p class=\"x_MsoNormal\">La diputada por el Distrito de Hidalgo, resalt\u00f3 que muchas madres de hoy enfrentan condiciones humanas, econ\u00f3micas, sociales y culturales adversas, pero al final del d\u00eda siempre hacen gala de su grandiosa vocaci\u00f3n maternal y hace que se imprima un sello inconfundible en nuestros corazones.<\/p>\n<p class=\"x_MsoNormal\">\n<p class=\"x_MsoNormal\">Record\u00f3 que cuando una mujer se convierte en madre, su vida cambia por completo, pues su alma y la de sus hijos se vuelven una sola, \u201ces por eso que quiero hacer un reconocimiento a todas las que tienen la dicha de ser madres\u201d.<\/p>\n<p class=\"x_MsoNormal\">\n<p class=\"x_MsoNormal\">Jeovana Alc\u00e1ntar enfatiz\u00f3 que \u201c en el d\u00eda de las madres debemos homenajear a ese ser amado que nos dio la vida, y de manera especial reconocer a todas aquellas madres de familia en distintas condiciones sociales, particularmente a quienes son jefas de familia, madres solteras, o a quienes se encuentran en condiciones de vulnerabilidad y situaci\u00f3n de pobreza, a las mujeres que como muchas salen a trabajar largas jornadas dejando a su hijos solos con el prop\u00f3sito de poder darles una mejor calidad de vida\u201d.<\/p>\n<p class=\"x_MsoNormal\">\n<p class=\"x_MsoNormal\">A\u00f1adi\u00f3 que esos ejemplos de mujeres que nos motivan siempre a corresponder con responsabilidad a quienes las representamos en el Congreso del Estado, para impulsar leyes en beneficio de ellas y salvaguardar sus derechos, como lo ha hecho a lo largo de la <span id=\"0.5988425680121445\" class=\"currentHitHighlight\">LXXIII<\/span> Legislatura local.<\/p>\n<p class=\"x_MsoNormal\">\n<p class=\"x_MsoNormal\">No obstante, llam\u00f3 a la sociedad a celebrar el amor y la compasi\u00f3n de aquellas mujeres que nos dieron la vida, no s\u00f3lo este d\u00eda, sino todo el a\u00f1o, y a no permitir que sean invisibles, por lo que la legisladora se comprometi\u00f3 a seguir impulsado acciones legislativas con la finalidad de contribuir a mejorar las condiciones de vida de quienes han tenido la dicha de procrear un hijo.<\/p>\n<p class=\"x_MsoNormal\">\n","protected":false},"excerpt":{"rendered":"<p>Morelia; Michoac\u00e1n, 10 de Mayo de 2017.- A que los derechos de las mujeres sean garantizados plenamente exhort\u00f3 Jeovana Alc\u00e1ntar Baca, quien resalt\u00f3 que\u00a0 la celebraci\u00f3n del D\u00eda de las Madres debe dirigirse a todas aquellas mujeres que parecen estar olvidadas por la sociedad. La diputada por el Distrito de Hidalgo, resalt\u00f3 que muchas madres [&hellip;]<\/p>\n","protected":false},"author":2,"featured_media":35748,"comment_status":"closed","ping_status":"closed","sticky":false,"template":"","format":"standard","meta":{"footnotes":""},"categories":[6,14,19],"tags":[],"class_list":["post-35747","post","type-post","status-publish","format-standard","has-post-thumbnail","hentry","category-congreso-del-estado","category-destacadas","category-grupo-parlamentario-del-prd"],"_links":{"self":[{"href":"https:\/\/radiowebmx.com\/nota\/wp-json\/wp\/v2\/posts\/35747","targetHints":{"allow":["GET"]}}],"collection":[{"href":"https:\/\/radiowebmx.com\/nota\/wp-json\/wp\/v2\/posts"}],"about":[{"href":"https:\/\/radiowebmx.com\/nota\/wp-json\/wp\/v2\/types\/post"}],"author":[{"embeddable":true,"href":"https:\/\/radiowebmx.com\/nota\/wp-json\/wp\/v2\/users\/2"}],"replies":[{"embeddable":true,"href":"https:\/\/radiowebmx.com\/nota\/wp-json\/wp\/v2\/comments?post=35747"}],"version-history":[{"count":1,"href":"https:\/\/radiowebmx.com\/nota\/wp-json\/wp\/v2\/posts\/35747\/revisions"}],"predecessor-version":[{"id":35749,"href":"https:\/\/radiowebmx.com\/nota\/wp-json\/wp\/v2\/posts\/35747\/revisions\/35749"}],"wp:featuredmedia":[{"embeddable":true,"href":"https:\/\/radiowebmx.com\/nota\/wp-json\/wp\/v2\/media\/35748"}],"wp:attachment":[{"href":"https:\/\/radiowebmx.com\/nota\/wp-json\/wp\/v2\/media?parent=35747"}],"wp:term":[{"taxonomy":"category","embeddable":true,"href":"https:\/\/radiowebmx.com\/nota\/wp-json\/wp\/v2\/categories?post=35747"},{"taxonomy":"post_tag","embeddable":true,"href":"https:\/\/radiowebmx.com\/nota\/wp-json\/wp\/v2\/tags?post=35747"}],"curies":[{"name":"wp","href":"https:\/\/api.w.org\/{rel}","templated":true}]}}