{"id":35744,"date":"2017-05-11T11:59:26","date_gmt":"2017-05-11T16:59:26","guid":{"rendered":"https:\/\/radiowebmx.com\/nota\/?p=35744"},"modified":"2017-05-11T11:59:26","modified_gmt":"2017-05-11T16:59:26","slug":"celebra-belinda-iturbide-a-las-madres-en-su-dia","status":"publish","type":"post","link":"https:\/\/radiowebmx.com\/nota\/celebra-belinda-iturbide-a-las-madres-en-su-dia\/","title":{"rendered":"Celebra Belinda Iturbide a las madres en su d\u00eda"},"content":{"rendered":"<p class=\"x_MsoNormal\"><a href=\"https:\/\/radiowebmx.com\/nota\/wp-content\/uploads\/2017\/05\/Comunicado-653.jpg\"><img loading=\"lazy\" decoding=\"async\" class=\"alignnone size-medium wp-image-35745\" src=\"https:\/\/radiowebmx.com\/nota\/wp-content\/uploads\/2017\/05\/Comunicado-653-595x396.jpg\" alt=\"\" width=\"595\" height=\"396\" srcset=\"https:\/\/radiowebmx.com\/nota\/wp-content\/uploads\/2017\/05\/Comunicado-653-595x396.jpg 595w, https:\/\/radiowebmx.com\/nota\/wp-content\/uploads\/2017\/05\/Comunicado-653.jpg 709w\" sizes=\"auto, (max-width: 595px) 100vw, 595px\" \/><\/a><\/p>\n<p class=\"x_MsoNormal\">\n<p class=\"x_MsoNormal\"><b>Morelia; Michoac\u00e1n, 10 de Mayo de 2017<\/b>.- Con un programa cultural y recreativo, la diputada Belinda Iturbide D\u00edaz puso en marcha diversas acciones en su distrito de Puru\u00e1ndiro para celebrar y festejar a las mujeres con motivo del D\u00eda de la Madre.<\/p>\n<p class=\"x_MsoNormal\">Durante la celebraci\u00f3n, la Diputada local reconoci\u00f3 la importante labor de la mujer como madre, jefa de familia y en la construcci\u00f3n de una sociedad con valores, adem\u00e1s de ser punto clave para el desarrollo de nuestro estado y pa\u00eds.<\/p>\n<p class=\"x_MsoNormal\">\n<p class=\"x_MsoNormal\">\u201cEn nuestra sociedad el cuidado de los menores en la mayor\u00eda de los casos est\u00e1 a cargo de las madres, quienes hoy en d\u00eda hacen doble rol, el de ser madres y el de salir al campo laboral para proveer de un mejor bienestar de sustento para su familia, adem\u00e1s de buscar prepararse y crecer en los diversos \u00e1mbitos\u201d.<\/p>\n<p class=\"x_MsoNormal\">\n<p class=\"x_MsoNormal\">En la figura de la madre culturalmente es en quien recae\u00a0 la mayor responsabilidad del cuidado de los hijos, siendo una figura estable que proporciona que los menores tengan seguridad, confianza y un comportamiento en su entorno social adecuado en el presente y\u00a0 futuro.<\/p>\n<p class=\"x_MsoNormal\">\n<p class=\"x_MsoNormal\">Por lo anterior, subray\u00f3, que es importante seguir trabajando en pol\u00edticas p\u00fablicas y programas de bienestar social destinados a mejorar las condiciones de las madres que encabezan hogares y de sus familias.<\/p>\n<p class=\"x_MsoNormal\">\n<p class=\"x_MsoNormal\">Finalmente la legisladora felicit\u00f3 a todas las madres en su d\u00eda y les hizo entrega de diversos presentes, adem\u00e1s de reiterarles su apoyo y solidaridad.<\/p>\n<p class=\"x_MsoNormal\">\n","protected":false},"excerpt":{"rendered":"<p>Morelia; Michoac\u00e1n, 10 de Mayo de 2017.- Con un programa cultural y recreativo, la diputada Belinda Iturbide D\u00edaz puso en marcha diversas acciones en su distrito de Puru\u00e1ndiro para celebrar y festejar a las mujeres con motivo del D\u00eda de la Madre. Durante la celebraci\u00f3n, la Diputada local reconoci\u00f3 la importante labor de la mujer [&hellip;]<\/p>\n","protected":false},"author":2,"featured_media":35745,"comment_status":"closed","ping_status":"closed","sticky":false,"template":"","format":"standard","meta":{"footnotes":""},"categories":[6,14,19],"tags":[],"class_list":["post-35744","post","type-post","status-publish","format-standard","has-post-thumbnail","hentry","category-congreso-del-estado","category-destacadas","category-grupo-parlamentario-del-prd"],"_links":{"self":[{"href":"https:\/\/radiowebmx.com\/nota\/wp-json\/wp\/v2\/posts\/35744","targetHints":{"allow":["GET"]}}],"collection":[{"href":"https:\/\/radiowebmx.com\/nota\/wp-json\/wp\/v2\/posts"}],"about":[{"href":"https:\/\/radiowebmx.com\/nota\/wp-json\/wp\/v2\/types\/post"}],"author":[{"embeddable":true,"href":"https:\/\/radiowebmx.com\/nota\/wp-json\/wp\/v2\/users\/2"}],"replies":[{"embeddable":true,"href":"https:\/\/radiowebmx.com\/nota\/wp-json\/wp\/v2\/comments?post=35744"}],"version-history":[{"count":1,"href":"https:\/\/radiowebmx.com\/nota\/wp-json\/wp\/v2\/posts\/35744\/revisions"}],"predecessor-version":[{"id":35746,"href":"https:\/\/radiowebmx.com\/nota\/wp-json\/wp\/v2\/posts\/35744\/revisions\/35746"}],"wp:featuredmedia":[{"embeddable":true,"href":"https:\/\/radiowebmx.com\/nota\/wp-json\/wp\/v2\/media\/35745"}],"wp:attachment":[{"href":"https:\/\/radiowebmx.com\/nota\/wp-json\/wp\/v2\/media?parent=35744"}],"wp:term":[{"taxonomy":"category","embeddable":true,"href":"https:\/\/radiowebmx.com\/nota\/wp-json\/wp\/v2\/categories?post=35744"},{"taxonomy":"post_tag","embeddable":true,"href":"https:\/\/radiowebmx.com\/nota\/wp-json\/wp\/v2\/tags?post=35744"}],"curies":[{"name":"wp","href":"https:\/\/api.w.org\/{rel}","templated":true}]}}