{"id":35741,"date":"2017-05-11T11:45:54","date_gmt":"2017-05-11T16:45:54","guid":{"rendered":"https:\/\/radiowebmx.com\/nota\/?p=35741"},"modified":"2017-05-11T11:45:54","modified_gmt":"2017-05-11T16:45:54","slug":"garantizar-los-derechos-de-las-personas-con-discapacidad-demanda-yarabi-avila","status":"publish","type":"post","link":"https:\/\/radiowebmx.com\/nota\/garantizar-los-derechos-de-las-personas-con-discapacidad-demanda-yarabi-avila\/","title":{"rendered":"Garantizar los derechos de las personas con discapacidad, demanda Yarab\u00ed \u00c1vila"},"content":{"rendered":"<p class=\"x_MsoNormal\"><a href=\"https:\/\/radiowebmx.com\/nota\/wp-content\/uploads\/2017\/05\/Comunicado-652.jpg\"><img loading=\"lazy\" decoding=\"async\" class=\"alignnone size-medium wp-image-35742\" src=\"https:\/\/radiowebmx.com\/nota\/wp-content\/uploads\/2017\/05\/Comunicado-652-595x397.jpg\" alt=\"\" width=\"595\" height=\"397\" srcset=\"https:\/\/radiowebmx.com\/nota\/wp-content\/uploads\/2017\/05\/Comunicado-652-595x397.jpg 595w, https:\/\/radiowebmx.com\/nota\/wp-content\/uploads\/2017\/05\/Comunicado-652.jpg 709w\" sizes=\"auto, (max-width: 595px) 100vw, 595px\" \/><\/a><\/p>\n<p class=\"x_MsoNormal\">\n<p class=\"x_MsoNormal\"><b>Morelia; Michoac\u00e1n, 10 de Mayo de 2017<\/b>.- Con la finalidad de que se garantice los derechos de las personas con discapacidad, la diputada del PRI, Yarab\u00ed \u00c1vila Gonz\u00e1lez presentar\u00e1 este jueves en sesi\u00f3n del Congreso del Estado, un punto de acuerdo mediante el cual se exhorta al Titular del Poder Ejecutivo Estatal y a los titulares de los gobiernos municipales de la entidad para que elaboren, expidan, publiquen, implementen, vigilen y cumplan con la Ley para la Inclusi\u00f3n de las Personas con Discapacidad en el Estado de Michoac\u00e1n.<\/p>\n<p class=\"x_MsoNormal\">La legisladora por el Distrito 10 de Morelia Noroeste, argument\u00f3 hasta a la fecha en el Catalogo Electr\u00f3nico de la Legislaci\u00f3n del Estado de Michoac\u00e1n (CELEM) \u00fanicamente los municipios de\u00a0 Hidalgo, Tangamandapio, Sahuayo y Morelia operan con un reglamento desfasado, sin haber sido actualizados acorde a la ley vigente, y los reglamentos carecen\u00a0 de armonizaci\u00f3n, figuras administrativas y \u00f3rganos de vigilancia con la actual ley, por tal raz\u00f3n resulta inoperante por formar parte de una ley que fue abrogada en fecha 12 de septiembre del 2014.<\/p>\n<p class=\"x_MsoNormal\">Agreg\u00f3 que el resto de los 109 municipios no cuentan con ninguna normativa que opere el desarrollo y que garantice los derechos de las personas discapacitadas, lo que los tiene no s\u00f3lo en el rezago del tema, sino en un incumplimiento a la Ley para la Inclusi\u00f3n de las Personas con Discapacidad en el Estado, y tampoco informan respecto a las acciones que se hacen en favor de este grupo vulnerable, generando opacidad y falta de transparencia, sobre las pol\u00edticas trasversales que por ley est\u00e1n obligados a implementar.<\/p>\n<p class=\"x_MsoNormal\">La legisladora hizo un llamado a ser responsables y garantizar los mecanismos necesarios para conformar una sociedad, tolerante, respetuosa e incluyente que promueva una Cultura de la Paz que restituya el tejido social y que sea garante de los derechos humanos, que se vea reflejado en una mejor convivencia social.<\/p>\n<p class=\"x_MsoNormal\">\u00c1vila Gonz\u00e1lez mencion\u00f3 que se debe dar un amplio alcance en los reglamentos para que se venzan las barreras arquitect\u00f3nicas que dificulten, entorpezcan o impidan a las personas con discapacidad, el libre desplazamiento en lugares p\u00fablicos, sean interiores o exteriores, o el impedimento de usar los servicios sociales o p\u00fablicos.<\/p>\n<p class=\"x_MsoNormal\">\n<p class=\"x_MsoNormal\">Requiri\u00f3 a que se otorgue amplia participaci\u00f3n a las Organizaciones de Personas con Discapacidad, y se cuente con instrumentos de prevenci\u00f3n en la adopci\u00f3n de medidas encaminadas a impedir que se ocasionen discapacidades entre la poblaci\u00f3n del Municipio y del Estado.<\/p>\n<p class=\"x_MsoNormal\">Que las entidades y dependencias del Poder Ejecutivo del Estado y los gobiernos municipales adecuen sus reglamentos conforme lo establecido en la ley actual, para lograr una inclusi\u00f3n real de las personas con discapacidad en el estado y que definan en su operatividad de quienes o que instancias ser\u00e1n responsables de vigilar y aplicar el cumplimiento de la ley.<\/p>\n","protected":false},"excerpt":{"rendered":"<p>Morelia; Michoac\u00e1n, 10 de Mayo de 2017.- Con la finalidad de que se garantice los derechos de las personas con discapacidad, la diputada del PRI, Yarab\u00ed \u00c1vila Gonz\u00e1lez presentar\u00e1 este jueves en sesi\u00f3n del Congreso del Estado, un punto de acuerdo mediante el cual se exhorta al Titular del Poder Ejecutivo Estatal y a los [&hellip;]<\/p>\n","protected":false},"author":2,"featured_media":35742,"comment_status":"closed","ping_status":"closed","sticky":false,"template":"","format":"standard","meta":{"footnotes":""},"categories":[6,14,7],"tags":[],"class_list":["post-35741","post","type-post","status-publish","format-standard","has-post-thumbnail","hentry","category-congreso-del-estado","category-destacadas","category-grupo-parlamentario-del-pri"],"_links":{"self":[{"href":"https:\/\/radiowebmx.com\/nota\/wp-json\/wp\/v2\/posts\/35741","targetHints":{"allow":["GET"]}}],"collection":[{"href":"https:\/\/radiowebmx.com\/nota\/wp-json\/wp\/v2\/posts"}],"about":[{"href":"https:\/\/radiowebmx.com\/nota\/wp-json\/wp\/v2\/types\/post"}],"author":[{"embeddable":true,"href":"https:\/\/radiowebmx.com\/nota\/wp-json\/wp\/v2\/users\/2"}],"replies":[{"embeddable":true,"href":"https:\/\/radiowebmx.com\/nota\/wp-json\/wp\/v2\/comments?post=35741"}],"version-history":[{"count":1,"href":"https:\/\/radiowebmx.com\/nota\/wp-json\/wp\/v2\/posts\/35741\/revisions"}],"predecessor-version":[{"id":35743,"href":"https:\/\/radiowebmx.com\/nota\/wp-json\/wp\/v2\/posts\/35741\/revisions\/35743"}],"wp:featuredmedia":[{"embeddable":true,"href":"https:\/\/radiowebmx.com\/nota\/wp-json\/wp\/v2\/media\/35742"}],"wp:attachment":[{"href":"https:\/\/radiowebmx.com\/nota\/wp-json\/wp\/v2\/media?parent=35741"}],"wp:term":[{"taxonomy":"category","embeddable":true,"href":"https:\/\/radiowebmx.com\/nota\/wp-json\/wp\/v2\/categories?post=35741"},{"taxonomy":"post_tag","embeddable":true,"href":"https:\/\/radiowebmx.com\/nota\/wp-json\/wp\/v2\/tags?post=35741"}],"curies":[{"name":"wp","href":"https:\/\/api.w.org\/{rel}","templated":true}]}}