{"id":35738,"date":"2017-05-11T11:41:47","date_gmt":"2017-05-11T16:41:47","guid":{"rendered":"https:\/\/radiowebmx.com\/nota\/?p=35738"},"modified":"2017-05-11T11:41:48","modified_gmt":"2017-05-11T16:41:48","slug":"a-revalorar-rol-de-la-mujer-en-todos-sus-ambitos-convoca-sigala","status":"publish","type":"post","link":"https:\/\/radiowebmx.com\/nota\/a-revalorar-rol-de-la-mujer-en-todos-sus-ambitos-convoca-sigala\/","title":{"rendered":"A revalorar rol de la mujer en todos sus \u00e1mbitos convoca Sigala"},"content":{"rendered":"<p class=\"x_MsoNormal\"><a href=\"https:\/\/radiowebmx.com\/nota\/wp-content\/uploads\/2017\/05\/Comunicado-651.jpg\"><img loading=\"lazy\" decoding=\"async\" class=\"alignnone size-medium wp-image-35739\" src=\"https:\/\/radiowebmx.com\/nota\/wp-content\/uploads\/2017\/05\/Comunicado-651-595x396.jpg\" alt=\"\" width=\"595\" height=\"396\" srcset=\"https:\/\/radiowebmx.com\/nota\/wp-content\/uploads\/2017\/05\/Comunicado-651-595x396.jpg 595w, https:\/\/radiowebmx.com\/nota\/wp-content\/uploads\/2017\/05\/Comunicado-651.jpg 709w\" sizes=\"auto, (max-width: 595px) 100vw, 595px\" \/><\/a><\/p>\n<p class=\"x_MsoNormal\">\n<p class=\"x_MsoNormal\"><b>Morelia; Michoac\u00e1n, 10 de Mayo de 2017<\/b>.- A revalorar el rol de la mujer en todas sus \u00e1mbitos, as\u00ed como sensibilizar a la sociedad sobre el indispensable papel que desempe\u00f1an para el desarrollo y progreso de Michoac\u00e1n, convoc\u00f3 el Presidente de la Mesa Directiva en la <span id=\"0.5021134386863069\" class=\"currentHitHighlight\">LXXIII<\/span> Legislatura local, Pascual Sigala P\u00e1ez, en el marco de la celebraci\u00f3n del D\u00eda de la Madre, quien realiz\u00f3 un recorrido por diversos puntos de la capital michoacana para felicitar a las mam\u00e1s.<\/p>\n<p class=\"x_MsoNormal\">El tambi\u00e9n Presidente de la Conferencia Permanente de Congresos Locales (COPECOL), indic\u00f3 que se requieren reforzar las acciones para mejorar las condiciones de quienes han tenido la dicha de ser madres, por ello, dentro de la agenda nacional que se impulsa en la COPECOL el tema de las ni\u00f1as y mujeres, as\u00ed como el velar por sus derechos son una prioridad.<\/p>\n<p class=\"x_MsoNormal\">\n<p class=\"x_MsoNormal\">En ese sentido, para reconocer a todas aquellas madres de familia en distintas condiciones sociales, particularmente a quienes son jefas de familia, madres solteras, o a quienes se encuentran en condiciones de vulnerabilidad y situaci\u00f3n de pobreza,\u00a0 se ha asumido el compromiso de impulsar leyes en beneficio de ellas y salvaguardar sus derechos, en donde destac\u00f3 el compromiso de la <span id=\"0.883220321381252\" class=\"highlight\">LXXIII<\/span> Legislatura de Michoac\u00e1n en donde se ha logrado construir acuerdos para sacar reformas y leyes en favor de este sector.<\/p>\n<p class=\"x_MsoNormal\">\n<p class=\"x_MsoNormal\">\u201cEstamos conscientes de que no se puede alcanzar prosperidad y bienestar social mientras exista un sector de la poblaci\u00f3n que padece la marginaci\u00f3n y por eso, desde el Congreso del Estado hemos impulsado acciones en ese sentido y tambi\u00e9n respaldado la estrategia integral para las mujeres que se impulsa en Michoac\u00e1n por parte del gobierno estatal, en materia de combate a la desigualdad para este sector, y seguiremos construyendo en ese sentido\u201d.<\/p>\n<p class=\"x_MsoNormal\">\n<p class=\"x_MsoNormal\">Reconoci\u00f3 que en Michoac\u00e1n como en el pa\u00eds los sectores de la poblaci\u00f3n m\u00e1s desprotegidos son las mujeres, las ni\u00f1as y los ni\u00f1os y por ello, se seguir\u00e1n dando pasos firmes para impulsar acciones y propuestas legislativas en su beneficio.<\/p>\n<p class=\"x_MsoNormal\">Sigala subray\u00f3 que desde el Poder Legislativo se ha asumido con responsabilidad las tareas que competen para combatir la violencia contra las mujeres, as\u00ed como para construir caminos de igualdad, equidad, desarrollo y justicia.<\/p>\n<p class=\"x_MsoNormal\">\n<p class=\"x_MsoNormal\">Finalmente el Presidente de la Mesa Directiva en el Poder Legislativo felicit\u00f3 a todas las madres en su d\u00eda, a quienes reconoci\u00f3 la gran labor que desempe\u00f1an en todos los roles.<\/p>\n","protected":false},"excerpt":{"rendered":"<p>Morelia; Michoac\u00e1n, 10 de Mayo de 2017.- A revalorar el rol de la mujer en todas sus \u00e1mbitos, as\u00ed como sensibilizar a la sociedad sobre el indispensable papel que desempe\u00f1an para el desarrollo y progreso de Michoac\u00e1n, convoc\u00f3 el Presidente de la Mesa Directiva en la LXXIII Legislatura local, Pascual Sigala P\u00e1ez, en el marco [&hellip;]<\/p>\n","protected":false},"author":2,"featured_media":35739,"comment_status":"closed","ping_status":"closed","sticky":false,"template":"","format":"standard","meta":{"footnotes":""},"categories":[6,14,19],"tags":[],"class_list":["post-35738","post","type-post","status-publish","format-standard","has-post-thumbnail","hentry","category-congreso-del-estado","category-destacadas","category-grupo-parlamentario-del-prd"],"_links":{"self":[{"href":"https:\/\/radiowebmx.com\/nota\/wp-json\/wp\/v2\/posts\/35738","targetHints":{"allow":["GET"]}}],"collection":[{"href":"https:\/\/radiowebmx.com\/nota\/wp-json\/wp\/v2\/posts"}],"about":[{"href":"https:\/\/radiowebmx.com\/nota\/wp-json\/wp\/v2\/types\/post"}],"author":[{"embeddable":true,"href":"https:\/\/radiowebmx.com\/nota\/wp-json\/wp\/v2\/users\/2"}],"replies":[{"embeddable":true,"href":"https:\/\/radiowebmx.com\/nota\/wp-json\/wp\/v2\/comments?post=35738"}],"version-history":[{"count":1,"href":"https:\/\/radiowebmx.com\/nota\/wp-json\/wp\/v2\/posts\/35738\/revisions"}],"predecessor-version":[{"id":35740,"href":"https:\/\/radiowebmx.com\/nota\/wp-json\/wp\/v2\/posts\/35738\/revisions\/35740"}],"wp:featuredmedia":[{"embeddable":true,"href":"https:\/\/radiowebmx.com\/nota\/wp-json\/wp\/v2\/media\/35739"}],"wp:attachment":[{"href":"https:\/\/radiowebmx.com\/nota\/wp-json\/wp\/v2\/media?parent=35738"}],"wp:term":[{"taxonomy":"category","embeddable":true,"href":"https:\/\/radiowebmx.com\/nota\/wp-json\/wp\/v2\/categories?post=35738"},{"taxonomy":"post_tag","embeddable":true,"href":"https:\/\/radiowebmx.com\/nota\/wp-json\/wp\/v2\/tags?post=35738"}],"curies":[{"name":"wp","href":"https:\/\/api.w.org\/{rel}","templated":true}]}}