{"id":35726,"date":"2017-05-11T11:33:27","date_gmt":"2017-05-11T16:33:27","guid":{"rendered":"https:\/\/radiowebmx.com\/nota\/?p=35726"},"modified":"2017-05-11T11:33:27","modified_gmt":"2017-05-11T16:33:27","slug":"problemas-tecnicos-y-presupuestales-enfrentara-eleccion-2018-humberto-urquiza","status":"publish","type":"post","link":"https:\/\/radiowebmx.com\/nota\/problemas-tecnicos-y-presupuestales-enfrentara-eleccion-2018-humberto-urquiza\/","title":{"rendered":"Problemas t\u00e9cnicos y presupuestales enfrentar\u00e1 elecci\u00f3n 2018: Humberto Urquiza"},"content":{"rendered":"<p class=\"x_MsoNormal\"><a href=\"https:\/\/radiowebmx.com\/nota\/wp-content\/uploads\/2017\/05\/Comunicado-645.jpg\"><img loading=\"lazy\" decoding=\"async\" class=\"alignnone size-medium wp-image-35727\" src=\"https:\/\/radiowebmx.com\/nota\/wp-content\/uploads\/2017\/05\/Comunicado-645-595x397.jpg\" alt=\"\" width=\"595\" height=\"397\" srcset=\"https:\/\/radiowebmx.com\/nota\/wp-content\/uploads\/2017\/05\/Comunicado-645-595x397.jpg 595w, https:\/\/radiowebmx.com\/nota\/wp-content\/uploads\/2017\/05\/Comunicado-645.jpg 709w\" sizes=\"auto, (max-width: 595px) 100vw, 595px\" \/><\/a><\/p>\n<p class=\"x_MsoNormal\">\n<p class=\"x_MsoNormal\"><b>Morelia; Michoac\u00e1n, 09 de mayo de 2017<\/b>.- \u00a0El proceso electoral 2018 enfrentar\u00e1 grandes retos, sobretodo en la parte t\u00e9cnica y presupuestal, ya que al contar con un nuevo marco normativo, las instituciones y \u00f3rganos tendr\u00e1n que afrontar temas desde la adquisici\u00f3n oportuna del material necesario para llevar a cabo las elecciones hasta realizar la fiscalizaci\u00f3n y dar certeza del proceso, se\u00f1al\u00f3 el Doctor Humberto Urquiza Mart\u00ednez, Consejero del Instituto Electoral de Michoac\u00e1n, durante la conferencia \u201cSistema Electoral Mexicano en Prospectiva\u201d.<\/p>\n<p class=\"x_MsoNormal\">La conferencia realizada como parte de las jornadas de \u201cReflexiones Legislativas\u201d, que organiza el Instituto de Investigaciones y Estudios Legislativos en coordinaci\u00f3n con la Direcci\u00f3n General de Servicios de Apoyo Parlamentario, en esta ocasi\u00f3n cont\u00f3 con la participaci\u00f3n del consejero electoral, quien habl\u00f3 sobre los retos que dej\u00f3 la reforma federal en materia electoral realizada en el 2014.<\/p>\n<p class=\"x_MsoNormal\">Destac\u00f3, que los \u00f3rganos locales ser\u00e1n una v\u00e1lvula de escape para el Instituto Nacional Electoral (INE), ya que servir\u00e1n para garantizar que los conflictos que se presenten sean aminorados.<\/p>\n<p class=\"x_MsoNormal\">En el tema de la reforma electoral local, enfatiz\u00f3 en la importancia de legislar en el tema del voto nulo, ya que este generar\u00eda mayor cultural pol\u00edtica y participaci\u00f3n ciudadana en los comicios, precis\u00f3.<\/p>\n<p class=\"x_MsoNormal\">Asimismo, dijo confiar que los parlamentarios tendr\u00e1n en tiempo y forma la reforma electoral local, con la que se regular\u00e1 el pr\u00f3ximo proceso electoral.<\/p>\n","protected":false},"excerpt":{"rendered":"<p>Morelia; Michoac\u00e1n, 09 de mayo de 2017.- \u00a0El proceso electoral 2018 enfrentar\u00e1 grandes retos, sobretodo en la parte t\u00e9cnica y presupuestal, ya que al contar con un nuevo marco normativo, las instituciones y \u00f3rganos tendr\u00e1n que afrontar temas desde la adquisici\u00f3n oportuna del material necesario para llevar a cabo las elecciones hasta realizar la fiscalizaci\u00f3n [&hellip;]<\/p>\n","protected":false},"author":2,"featured_media":35727,"comment_status":"closed","ping_status":"closed","sticky":false,"template":"","format":"standard","meta":{"footnotes":""},"categories":[6,14],"tags":[],"class_list":["post-35726","post","type-post","status-publish","format-standard","has-post-thumbnail","hentry","category-congreso-del-estado","category-destacadas"],"_links":{"self":[{"href":"https:\/\/radiowebmx.com\/nota\/wp-json\/wp\/v2\/posts\/35726","targetHints":{"allow":["GET"]}}],"collection":[{"href":"https:\/\/radiowebmx.com\/nota\/wp-json\/wp\/v2\/posts"}],"about":[{"href":"https:\/\/radiowebmx.com\/nota\/wp-json\/wp\/v2\/types\/post"}],"author":[{"embeddable":true,"href":"https:\/\/radiowebmx.com\/nota\/wp-json\/wp\/v2\/users\/2"}],"replies":[{"embeddable":true,"href":"https:\/\/radiowebmx.com\/nota\/wp-json\/wp\/v2\/comments?post=35726"}],"version-history":[{"count":1,"href":"https:\/\/radiowebmx.com\/nota\/wp-json\/wp\/v2\/posts\/35726\/revisions"}],"predecessor-version":[{"id":35728,"href":"https:\/\/radiowebmx.com\/nota\/wp-json\/wp\/v2\/posts\/35726\/revisions\/35728"}],"wp:featuredmedia":[{"embeddable":true,"href":"https:\/\/radiowebmx.com\/nota\/wp-json\/wp\/v2\/media\/35727"}],"wp:attachment":[{"href":"https:\/\/radiowebmx.com\/nota\/wp-json\/wp\/v2\/media?parent=35726"}],"wp:term":[{"taxonomy":"category","embeddable":true,"href":"https:\/\/radiowebmx.com\/nota\/wp-json\/wp\/v2\/categories?post=35726"},{"taxonomy":"post_tag","embeddable":true,"href":"https:\/\/radiowebmx.com\/nota\/wp-json\/wp\/v2\/tags?post=35726"}],"curies":[{"name":"wp","href":"https:\/\/api.w.org\/{rel}","templated":true}]}}