{"id":35711,"date":"2017-05-10T23:50:41","date_gmt":"2017-05-11T04:50:41","guid":{"rendered":"https:\/\/radiowebmx.com\/nota\/?p=35711"},"modified":"2017-05-11T11:14:23","modified_gmt":"2017-05-11T16:14:23","slug":"el-buki-le-canto-a-todas-las-mamas-michoacanas","status":"publish","type":"post","link":"https:\/\/radiowebmx.com\/nota\/el-buki-le-canto-a-todas-las-mamas-michoacanas\/","title":{"rendered":"&#8220;El Buki&#8221; le cant\u00f3 a todas las mam\u00e1s michoacanas"},"content":{"rendered":"<p><a href=\"https:\/\/radiowebmx.com\/nota\/wp-content\/uploads\/2017\/05\/9ce38eec-d445-43aa-a71a-663e20665e5a.jpg\"><img loading=\"lazy\" decoding=\"async\" class=\"alignnone size-medium wp-image-35712\" src=\"https:\/\/radiowebmx.com\/nota\/wp-content\/uploads\/2017\/05\/9ce38eec-d445-43aa-a71a-663e20665e5a-595x307.jpg\" alt=\"\" width=\"595\" height=\"307\" srcset=\"https:\/\/radiowebmx.com\/nota\/wp-content\/uploads\/2017\/05\/9ce38eec-d445-43aa-a71a-663e20665e5a-595x307.jpg 595w, https:\/\/radiowebmx.com\/nota\/wp-content\/uploads\/2017\/05\/9ce38eec-d445-43aa-a71a-663e20665e5a.jpg 709w\" sizes=\"auto, (max-width: 595px) 100vw, 595px\" \/><\/a><\/p>\n<p><a href=\"https:\/\/radiowebmx.com\/nota\/wp-content\/uploads\/2017\/05\/7a73999a-7fad-4e92-b875-3ff03621ea16.jpg\"><img loading=\"lazy\" decoding=\"async\" class=\"alignnone size-medium wp-image-35713\" src=\"https:\/\/radiowebmx.com\/nota\/wp-content\/uploads\/2017\/05\/7a73999a-7fad-4e92-b875-3ff03621ea16-595x334.jpg\" alt=\"\" width=\"595\" height=\"334\" srcset=\"https:\/\/radiowebmx.com\/nota\/wp-content\/uploads\/2017\/05\/7a73999a-7fad-4e92-b875-3ff03621ea16-595x334.jpg 595w, https:\/\/radiowebmx.com\/nota\/wp-content\/uploads\/2017\/05\/7a73999a-7fad-4e92-b875-3ff03621ea16.jpg 709w\" sizes=\"auto, (max-width: 595px) 100vw, 595px\" \/><\/a><\/p>\n<p>&nbsp;<\/p>\n<p><strong>Morelia, Michoac\u00e1n, a 10 de mayo de 2017<\/strong>.- Marco Antonio Sol\u00eds &#8220;El Buki&#8221;, el cantautor orgulloso de sus ra\u00edces, estuvo de nueva cuenta con sus paisanos, quienes abarrotaron el Teatro del Pueblo de la Expo Fiesta Michoac\u00e1n.<\/p>\n<p>&nbsp;<\/p>\n<p>Por segundo a\u00f1o consecutivo y ante 50 mil personas, &#8220;El Buki&#8221; pis\u00f3 el escenario del Teatro del Pueblo para consentir a las mam\u00e1s michoacanas en el marco del D\u00eda de la Madre.<\/p>\n<p>&nbsp;<\/p>\n<p>El oriundo de Ario de Rosales sali\u00f3 al escenario minutos despu\u00e9s de las 21:00 horas para interpretar sus m\u00e1s grandes \u00e9xitos, como &#8220;T\u00fa c\u00e1rcel&#8221;, &#8220;Si no te hubieras ido&#8221;, &#8220;\u00bfD\u00f3nde estar\u00e1 mi primavera?&#8221;, &#8220;M\u00e1s que t\u00fa amigo&#8221;, &#8220;Si te pudiera mentir&#8221;, entre muchos m\u00e1s.<\/p>\n<p>&nbsp;<\/p>\n<p>El espect\u00e1culo tuvo elementos michoacanos, que no s\u00f3lo destacan en el estado, sino en cualquier lugar al que acude para resaltar que &#8220;Michoac\u00e1n es el alma de M\u00e9xico&#8221;.<\/p>\n<p>&nbsp;<\/p>\n<p>Ni\u00f1os, j\u00f3venes y adultos acudieron al Recinto Ferial para gozar de una gran velada musical y festejar a las mam\u00e1s, quienes tuvieron acceso gratuito al Recinto Ferial y disfrutaron de rebanadas de pastel, cortes\u00eda de la Comisi\u00f3n de Ferias, Exposiciones y Eventos del Estado de Michoac\u00e1n y de la C\u00e1mara Nacional de la Industria Panificadora.<\/p>\n<p>&nbsp;<\/p>\n<p>La informaci\u00f3n oficial sobre la Expo Fiesta Michoac\u00e1n 2017 s\u00f3lo es difundida en el portal de Internet http:\/\/www.expofiestamichoacan.mx\/, en el Twitter @ExpoFiestaMich y en el perfil de Facebook www.facebook.com\/ExpofiestaMich.<\/p>\n","protected":false},"excerpt":{"rendered":"<p>&nbsp; Morelia, Michoac\u00e1n, a 10 de mayo de 2017.- Marco Antonio Sol\u00eds &#8220;El Buki&#8221;, el cantautor orgulloso de sus ra\u00edces, estuvo de nueva cuenta con sus paisanos, quienes abarrotaron el Teatro del Pueblo de la Expo Fiesta Michoac\u00e1n. &nbsp; Por segundo a\u00f1o consecutivo y ante 50 mil personas, &#8220;El Buki&#8221; pis\u00f3 el escenario del Teatro [&hellip;]<\/p>\n","protected":false},"author":2,"featured_media":35712,"comment_status":"closed","ping_status":"closed","sticky":false,"template":"","format":"standard","meta":{"footnotes":""},"categories":[14,3],"tags":[],"class_list":["post-35711","post","type-post","status-publish","format-standard","has-post-thumbnail","hentry","category-destacadas","category-gobierno-del-estado-de-michoacan"],"_links":{"self":[{"href":"https:\/\/radiowebmx.com\/nota\/wp-json\/wp\/v2\/posts\/35711","targetHints":{"allow":["GET"]}}],"collection":[{"href":"https:\/\/radiowebmx.com\/nota\/wp-json\/wp\/v2\/posts"}],"about":[{"href":"https:\/\/radiowebmx.com\/nota\/wp-json\/wp\/v2\/types\/post"}],"author":[{"embeddable":true,"href":"https:\/\/radiowebmx.com\/nota\/wp-json\/wp\/v2\/users\/2"}],"replies":[{"embeddable":true,"href":"https:\/\/radiowebmx.com\/nota\/wp-json\/wp\/v2\/comments?post=35711"}],"version-history":[{"count":1,"href":"https:\/\/radiowebmx.com\/nota\/wp-json\/wp\/v2\/posts\/35711\/revisions"}],"predecessor-version":[{"id":35714,"href":"https:\/\/radiowebmx.com\/nota\/wp-json\/wp\/v2\/posts\/35711\/revisions\/35714"}],"wp:featuredmedia":[{"embeddable":true,"href":"https:\/\/radiowebmx.com\/nota\/wp-json\/wp\/v2\/media\/35712"}],"wp:attachment":[{"href":"https:\/\/radiowebmx.com\/nota\/wp-json\/wp\/v2\/media?parent=35711"}],"wp:term":[{"taxonomy":"category","embeddable":true,"href":"https:\/\/radiowebmx.com\/nota\/wp-json\/wp\/v2\/categories?post=35711"},{"taxonomy":"post_tag","embeddable":true,"href":"https:\/\/radiowebmx.com\/nota\/wp-json\/wp\/v2\/tags?post=35711"}],"curies":[{"name":"wp","href":"https:\/\/api.w.org\/{rel}","templated":true}]}}