{"id":35707,"date":"2017-05-09T20:32:44","date_gmt":"2017-05-10T01:32:44","guid":{"rendered":"https:\/\/radiowebmx.com\/nota\/?p=35707"},"modified":"2017-05-10T21:16:23","modified_gmt":"2017-05-11T02:16:23","slug":"inicia-gobernador-obras-de-impacto-social-por-mas-de-38-mdp-en-jiquilpan","status":"publish","type":"post","link":"https:\/\/radiowebmx.com\/nota\/inicia-gobernador-obras-de-impacto-social-por-mas-de-38-mdp-en-jiquilpan\/","title":{"rendered":"Inicia Gobernador obras de impacto social por m\u00e1s de 38 mdp en Jiquilpan"},"content":{"rendered":"<p><a href=\"https:\/\/radiowebmx.com\/nota\/wp-content\/uploads\/2017\/05\/4e8e23e4-6584-4d09-959f-617ca7a2109c.jpeg\"><img loading=\"lazy\" decoding=\"async\" class=\"alignnone size-medium wp-image-35708\" src=\"https:\/\/radiowebmx.com\/nota\/wp-content\/uploads\/2017\/05\/4e8e23e4-6584-4d09-959f-617ca7a2109c-595x396.jpeg\" alt=\"\" width=\"595\" height=\"396\" srcset=\"https:\/\/radiowebmx.com\/nota\/wp-content\/uploads\/2017\/05\/4e8e23e4-6584-4d09-959f-617ca7a2109c-595x396.jpeg 595w, https:\/\/radiowebmx.com\/nota\/wp-content\/uploads\/2017\/05\/4e8e23e4-6584-4d09-959f-617ca7a2109c.jpeg 709w\" sizes=\"auto, (max-width: 595px) 100vw, 595px\" \/><\/a><\/p>\n<p>&nbsp;<\/p>\n<p><strong>Jiquilpan, Michoac\u00e1n, a 9 de mayo de 2017.-<\/strong> Para generar condiciones de desarrollo pleno y estabilidad en la poblaci\u00f3n de Jiquilpan, el Gobernador Constitucional Silvano Aureoles Conejo puso en marcha la construcci\u00f3n de una obra en el Instituto Tecnol\u00f3gico; la segunda etapa del cableado subterr\u00e1neo del Centro Hist\u00f3rico e inaugur\u00f3 la carpeta asf\u00e1ltica de la avenida Circunvalaci\u00f3n Oriente &#8211; Norte, obras que tuvieron una inversi\u00f3n de 38 millones 795 mil pesos.<\/p>\n<p>En una intensa gira de trabajo en este municipio, el mandatario estatal refrend\u00f3 su compromiso para atender cada una de las diversas demandas de las y los jiquilpenses, lo que dijo, se logra a trav\u00e9s de la coordinaci\u00f3n entre los tres \u00f3rdenes de Gobierno.<\/p>\n<p>&#8220;Debemos encontrar soluciones para que las comunidades vivan mejor y la educaci\u00f3n es el medio m\u00e1s apropiado&#8221;, resalt\u00f3 el mandatario michoacano al reiterar su compromiso para que la ni\u00f1ez y la juventud del estado tengan una educaci\u00f3n de calidad propicia para su desarrollo integral.<\/p>\n<p>En el terreno donde se construir\u00e1 la Universidad Multifuncional y ante los alumnos del Instituto Tecnol\u00f3gico, Silvano Aureoles destac\u00f3 que \u201cla mejor inversi\u00f3n que podemos hacer es a trav\u00e9s de la educaci\u00f3n, es la \u00fanica herramienta y v\u00eda de acceso a la justicia social&#8221;.<\/p>\n<p>Ante ello, se comprometi\u00f3 a resolver los pendientes que el Gobierno del Estado tiene con este plantel, para que los alumnos y personal docente cuenten con las herramientas para ofrecer una buena educaci\u00f3n.<\/p>\n<p>Entre los temas que se revisar\u00e1n est\u00e1n la conclusi\u00f3n del Centro de C\u00f3mputo, adquisici\u00f3n de una unidad de transporte para pr\u00e1cticas estudiantiles, construcci\u00f3n de un pozo profundo de agua, rehabilitaci\u00f3n del camino de acceso al plantel, as\u00ed como la unificaci\u00f3n de criterios en las becas que reciben los alumnos del Instituto Tecnol\u00f3gico. &#8220;Todo este apoyo es para que el Tecnol\u00f3gico siga formando los profesionistas que necesita Michoac\u00e1n y que necesita M\u00e9xico&#8221;.<\/p>\n<p>Cabe resaltar que los recursos para la edificaci\u00f3n de la Universidad Multifuncional fueron designados con el Programa de Expansi\u00f3n en la Oferta Educativa en Educaci\u00f3n Media Superior y Superior (Proexoees) donde se designaron 27 millones 495 mil pesos, de esta cantidad, se requerir\u00e1n 16 millones de pesos para la construcci\u00f3n del edificio y una vez concluida las instalaciones &#8211; en 10 meses-, el resto ser\u00e1n destinados para diversas necesidades del Instituto Tecnol\u00f3gico de Jiquilpan.<\/p>\n<p>Posteriormente, Aureoles Conejo dio inicio a la segunda etapa del cableado subterr\u00e1neo del Centro Hist\u00f3rico de Jiquilpan, trabajo que servir\u00e1 para mejorar la imagen urbana, con lo que se detonar\u00e1 el turismo de la regi\u00f3n y mejorar\u00e1 la econom\u00eda. En dicha obra se destinar\u00e1n 2.6 millones de pesos, en obras que se ejecutar\u00e1n en un periodo de tres meses.<\/p>\n<p>De igual manera, inaugur\u00f3 la pavimentaci\u00f3n con carpeta asf\u00e1ltica de la avenida circunvalaci\u00f3n Oriente &#8211; Norte, obra que requiri\u00f3 una inversi\u00f3n de 8.7 millones de pesos. Al respecto, manifest\u00f3 que se revisar\u00e1 la forma designar m\u00e1s recursos para ampliar dicha vialidad.<\/p>\n<p>El presidente municipal de Jiquilpan, Jos\u00e9 Clemente Covarrubias Castillo, agradeci\u00f3 el inter\u00e9s mostrado por el mandatario estatal, pues dijo que hace unas semanas acudi\u00f3 a esta localidad y se comprometi\u00f3 a regresar para iniciar con las obras que hoy dieron arranque de manera oficial.<\/p>\n<p><strong>Revisa Gobernador avances en seguridad en la regi\u00f3n Ci\u00e9naga de Chapala<\/strong><\/p>\n<p>Al concluir dichas actividades, el mandatario estatal sostuvo una reuni\u00f3n con integrantes del Grupo de Coordinaci\u00f3n Michoac\u00e1n, as\u00ed como con todos los alcaldes de la regi\u00f3n Ci\u00e9naga de Chapala.<\/p>\n<p>Con las autoridades de los tres \u00f3rdenes de Gobierno, Silvano Aureoles reiter\u00f3 su compromiso para seguir el trabajo coordinado y as\u00ed hacer frente al tema de seguridad en esta zona de Michoac\u00e1n.<\/p>\n<p>En esta reuni\u00f3n estuvieron presentes los presidentes municipales de Cojumatl\u00e1n, Brise\u00f1as, Marcos Castellanos, Jiquilpan, Sahuayo, Pur\u00e9pero, Villamar, Vista Hermosa y Venustiano Carranza, Enrique M\u00fajica S\u00e1nchez, Juan Garc\u00eda Navarro, Rolando Gonz\u00e1lez Ch\u00e1vez, Jos\u00e9 Clemente Covarrubias Castillo, Rodrigo S\u00e1nchez Cepeda, Jos\u00e9 Vega Robledo, Joel L\u00f3pez Padilla, Nicol\u00e1s Ram\u00edrez Zaragoza y Edgar Gil Yoguez, respectivamente; as\u00ed como el subsecretario de Seguridad P\u00fablica, Carlos G\u00f3mez Arrieta; la delegada de la PGR, Bertha Paredes Gardu\u00f1o; el comisario de la Polic\u00eda Federal en Michoac\u00e1n, Israel Galv\u00e1n Jaime y el fiscal regional de Zamora, Nicol\u00e1s Maldonado Mill\u00e1n.<\/p>\n<p>A esta gira de trabajo tambi\u00e9n acompa\u00f1aron al Gobernador del Estado el secretario de Comunicaciones y Obras P\u00fablicas, Jos\u00e9 Juan Dom\u00ednguez L\u00f3pez; la titular del IIFEEM, Guadalupe D\u00edaz Chagolla; el delegado de la Sedesol en Michoac\u00e1n, Ger\u00f3nimo Color Gasca, as\u00ed como diversas autoridades estatales y municipales.<\/p>\n","protected":false},"excerpt":{"rendered":"<p>&nbsp; Jiquilpan, Michoac\u00e1n, a 9 de mayo de 2017.- Para generar condiciones de desarrollo pleno y estabilidad en la poblaci\u00f3n de Jiquilpan, el Gobernador Constitucional Silvano Aureoles Conejo puso en marcha la construcci\u00f3n de una obra en el Instituto Tecnol\u00f3gico; la segunda etapa del cableado subterr\u00e1neo del Centro Hist\u00f3rico e inaugur\u00f3 la carpeta asf\u00e1ltica de [&hellip;]<\/p>\n","protected":false},"author":2,"featured_media":35708,"comment_status":"closed","ping_status":"closed","sticky":false,"template":"","format":"standard","meta":{"footnotes":""},"categories":[14,3],"tags":[],"class_list":["post-35707","post","type-post","status-publish","format-standard","has-post-thumbnail","hentry","category-destacadas","category-gobierno-del-estado-de-michoacan"],"_links":{"self":[{"href":"https:\/\/radiowebmx.com\/nota\/wp-json\/wp\/v2\/posts\/35707","targetHints":{"allow":["GET"]}}],"collection":[{"href":"https:\/\/radiowebmx.com\/nota\/wp-json\/wp\/v2\/posts"}],"about":[{"href":"https:\/\/radiowebmx.com\/nota\/wp-json\/wp\/v2\/types\/post"}],"author":[{"embeddable":true,"href":"https:\/\/radiowebmx.com\/nota\/wp-json\/wp\/v2\/users\/2"}],"replies":[{"embeddable":true,"href":"https:\/\/radiowebmx.com\/nota\/wp-json\/wp\/v2\/comments?post=35707"}],"version-history":[{"count":1,"href":"https:\/\/radiowebmx.com\/nota\/wp-json\/wp\/v2\/posts\/35707\/revisions"}],"predecessor-version":[{"id":35709,"href":"https:\/\/radiowebmx.com\/nota\/wp-json\/wp\/v2\/posts\/35707\/revisions\/35709"}],"wp:featuredmedia":[{"embeddable":true,"href":"https:\/\/radiowebmx.com\/nota\/wp-json\/wp\/v2\/media\/35708"}],"wp:attachment":[{"href":"https:\/\/radiowebmx.com\/nota\/wp-json\/wp\/v2\/media?parent=35707"}],"wp:term":[{"taxonomy":"category","embeddable":true,"href":"https:\/\/radiowebmx.com\/nota\/wp-json\/wp\/v2\/categories?post=35707"},{"taxonomy":"post_tag","embeddable":true,"href":"https:\/\/radiowebmx.com\/nota\/wp-json\/wp\/v2\/tags?post=35707"}],"curies":[{"name":"wp","href":"https:\/\/api.w.org\/{rel}","templated":true}]}}