{"id":35695,"date":"2017-05-09T17:36:08","date_gmt":"2017-05-09T22:36:08","guid":{"rendered":"https:\/\/radiowebmx.com\/nota\/?p=35695"},"modified":"2017-05-10T20:56:14","modified_gmt":"2017-05-11T01:56:14","slug":"reconocen-al-ceconexpo-por-preservar-sus-areas-verdes","status":"publish","type":"post","link":"https:\/\/radiowebmx.com\/nota\/reconocen-al-ceconexpo-por-preservar-sus-areas-verdes\/","title":{"rendered":"Reconocen al Ceconexpo por preservar sus \u00e1reas verdes"},"content":{"rendered":"<p><a href=\"https:\/\/radiowebmx.com\/nota\/wp-content\/uploads\/2017\/05\/4ccd794e-1b59-490a-b828-4e22177a23b7.jpg\"><img loading=\"lazy\" decoding=\"async\" class=\"alignnone size-medium wp-image-35696\" src=\"https:\/\/radiowebmx.com\/nota\/wp-content\/uploads\/2017\/05\/4ccd794e-1b59-490a-b828-4e22177a23b7-595x446.jpg\" alt=\"\" width=\"595\" height=\"446\" srcset=\"https:\/\/radiowebmx.com\/nota\/wp-content\/uploads\/2017\/05\/4ccd794e-1b59-490a-b828-4e22177a23b7-595x446.jpg 595w, https:\/\/radiowebmx.com\/nota\/wp-content\/uploads\/2017\/05\/4ccd794e-1b59-490a-b828-4e22177a23b7.jpg 709w\" sizes=\"auto, (max-width: 595px) 100vw, 595px\" \/><\/a><\/p>\n<p>&nbsp;<\/p>\n<p><strong>Morelia, Michoac\u00e1n, a 9 de mayo de 2017.-<\/strong>\u00a0El Centro de Convenciones y Exposiciones (Ceconexpo) de Morelia, en colaboraci\u00f3n con las\u00a0fundaciones Reto Ecol\u00f3gico A.C. y Compost\u00f3n Nutriendo Tu Jard\u00edn, as\u00ed como con\u00a0estudiantes de la Universidad Michoacana de San Nicol\u00e1s de Hidalgo y vecinos de las colonias aleda\u00f1as al recinto, plantaron pinos end\u00e9micos de la regi\u00f3n en los jardines del inmueble.<\/p>\n<p>&nbsp;<\/p>\n<p>En este marco, el director general de la Fundaci\u00f3n Reto Ecol\u00f3gico A.C., Rub\u00e9n S\u00e1nchez Ferreira, entreg\u00f3 un reconocimiento al Ceconexpo por realizar actividades de conservaci\u00f3n de sus \u00e1reas verdes.<\/p>\n<p>&nbsp;<\/p>\n<p>Por su parte, el director general del Ceconexpo, Oscar Celis Silva, indic\u00f3 que colaboraci\u00f3n de los ciudadanos es fundamental, por lo que llam\u00f3 a ser part\u00edcipes de las acciones que el Gobernador Silvano Aureoles Conejo ha instruido para el cuidado de las \u00e1reas verdes del recinto.<\/p>\n","protected":false},"excerpt":{"rendered":"<p>&nbsp; Morelia, Michoac\u00e1n, a 9 de mayo de 2017.-\u00a0El Centro de Convenciones y Exposiciones (Ceconexpo) de Morelia, en colaboraci\u00f3n con las\u00a0fundaciones Reto Ecol\u00f3gico A.C. y Compost\u00f3n Nutriendo Tu Jard\u00edn, as\u00ed como con\u00a0estudiantes de la Universidad Michoacana de San Nicol\u00e1s de Hidalgo y vecinos de las colonias aleda\u00f1as al recinto, plantaron pinos end\u00e9micos de la regi\u00f3n [&hellip;]<\/p>\n","protected":false},"author":2,"featured_media":35696,"comment_status":"closed","ping_status":"closed","sticky":false,"template":"","format":"standard","meta":{"footnotes":""},"categories":[14,3],"tags":[],"class_list":["post-35695","post","type-post","status-publish","format-standard","has-post-thumbnail","hentry","category-destacadas","category-gobierno-del-estado-de-michoacan"],"_links":{"self":[{"href":"https:\/\/radiowebmx.com\/nota\/wp-json\/wp\/v2\/posts\/35695","targetHints":{"allow":["GET"]}}],"collection":[{"href":"https:\/\/radiowebmx.com\/nota\/wp-json\/wp\/v2\/posts"}],"about":[{"href":"https:\/\/radiowebmx.com\/nota\/wp-json\/wp\/v2\/types\/post"}],"author":[{"embeddable":true,"href":"https:\/\/radiowebmx.com\/nota\/wp-json\/wp\/v2\/users\/2"}],"replies":[{"embeddable":true,"href":"https:\/\/radiowebmx.com\/nota\/wp-json\/wp\/v2\/comments?post=35695"}],"version-history":[{"count":1,"href":"https:\/\/radiowebmx.com\/nota\/wp-json\/wp\/v2\/posts\/35695\/revisions"}],"predecessor-version":[{"id":35697,"href":"https:\/\/radiowebmx.com\/nota\/wp-json\/wp\/v2\/posts\/35695\/revisions\/35697"}],"wp:featuredmedia":[{"embeddable":true,"href":"https:\/\/radiowebmx.com\/nota\/wp-json\/wp\/v2\/media\/35696"}],"wp:attachment":[{"href":"https:\/\/radiowebmx.com\/nota\/wp-json\/wp\/v2\/media?parent=35695"}],"wp:term":[{"taxonomy":"category","embeddable":true,"href":"https:\/\/radiowebmx.com\/nota\/wp-json\/wp\/v2\/categories?post=35695"},{"taxonomy":"post_tag","embeddable":true,"href":"https:\/\/radiowebmx.com\/nota\/wp-json\/wp\/v2\/tags?post=35695"}],"curies":[{"name":"wp","href":"https:\/\/api.w.org\/{rel}","templated":true}]}}