{"id":35692,"date":"2017-05-09T17:08:17","date_gmt":"2017-05-09T22:08:17","guid":{"rendered":"https:\/\/radiowebmx.com\/nota\/?p=35692"},"modified":"2017-05-10T20:51:23","modified_gmt":"2017-05-11T01:51:23","slug":"capacita-cedemun-a-ayuntamientos-sobre-agenda-para-el-desarrollo-municipal","status":"publish","type":"post","link":"https:\/\/radiowebmx.com\/nota\/capacita-cedemun-a-ayuntamientos-sobre-agenda-para-el-desarrollo-municipal\/","title":{"rendered":"Capacita Cedemun a ayuntamientos sobre Agenda para el Desarrollo Municipal"},"content":{"rendered":"<p><a href=\"https:\/\/radiowebmx.com\/nota\/wp-content\/uploads\/2017\/05\/a1742147-d018-4abf-a4c6-74806633c4a5.jpg\"><img loading=\"lazy\" decoding=\"async\" class=\"alignnone size-medium wp-image-35693\" src=\"https:\/\/radiowebmx.com\/nota\/wp-content\/uploads\/2017\/05\/a1742147-d018-4abf-a4c6-74806633c4a5-595x446.jpg\" alt=\"\" width=\"595\" height=\"446\" srcset=\"https:\/\/radiowebmx.com\/nota\/wp-content\/uploads\/2017\/05\/a1742147-d018-4abf-a4c6-74806633c4a5-595x446.jpg 595w, https:\/\/radiowebmx.com\/nota\/wp-content\/uploads\/2017\/05\/a1742147-d018-4abf-a4c6-74806633c4a5.jpg 709w\" sizes=\"auto, (max-width: 595px) 100vw, 595px\" \/><\/a><\/p>\n<p>&nbsp;<\/p>\n<p><strong>Morelia, Michoac\u00e1n, a 9 de mayo de 2017.- <\/strong>Con el objetivo de fortalecer las capacidades institucionales de los 113 ayuntamientos de Michoac\u00e1n, el Centro Estatal para el Desarrollo Municipal (Cedemun), en coordinaci\u00f3n con el Instituto Nacional para el Federalismo (Inafed), capacit\u00f3 a 72 funcionarios, entre alcaldes, secretarios y contralores de 46 demarcaciones sobre el proceso e implementaci\u00f3n del programa Agenda para el Desarrollo Municipal (ADM) 2017.<\/p>\n<p>El vocal ejecutivo del Cedemun, Carlos Paredes Correa, refiri\u00f3 que a trav\u00e9s de la Direcci\u00f3n de Capacitaci\u00f3n se implementa este programa, el cual busca fomentar el ejercicio de planeaci\u00f3n estrat\u00e9gica en las administraciones municipales, partiendo del diagn\u00f3stico de su gesti\u00f3n y la evaluaci\u00f3n del desempe\u00f1o alcanzado en el cumplimiento de sus funciones constitucionales.<\/p>\n<p>\u201cEsto ayuda a los alcaldes y al personal administrativo a tener una mejor organizaci\u00f3n por medio de un plan de trabajo bien estructurado que permita desarrollar sus actividades en tiempo y forma, medir alcances y sus metas\u201d, manifest\u00f3.<\/p>\n<p>Invit\u00f3 a todos los funcionarios municipales a sumarse a este programa, ya que cada a\u00f1o la Secretar\u00eda de Gobernaci\u00f3n otorga un reconocimiento nacional a aquellos municipios que participan en el programa y se esfuerzan por mejorar las condiciones de vida de las y los michoacanos.<\/p>\n<p>Por su parte, el director de Enlace con Estados y Municipios del Inafed, Ernesto Rodr\u00edguez S\u00e1ez, reconoci\u00f3 y agradeci\u00f3 el esfuerzo conjunto que ha realizado con el Cedemun para que a\u00f1o con a\u00f1o se siga implementado el programa y que cada vez exista mayor participaci\u00f3n de los ayuntamientos michoacanos.<\/p>\n","protected":false},"excerpt":{"rendered":"<p>&nbsp; Morelia, Michoac\u00e1n, a 9 de mayo de 2017.- Con el objetivo de fortalecer las capacidades institucionales de los 113 ayuntamientos de Michoac\u00e1n, el Centro Estatal para el Desarrollo Municipal (Cedemun), en coordinaci\u00f3n con el Instituto Nacional para el Federalismo (Inafed), capacit\u00f3 a 72 funcionarios, entre alcaldes, secretarios y contralores de 46 demarcaciones sobre el [&hellip;]<\/p>\n","protected":false},"author":2,"featured_media":35693,"comment_status":"closed","ping_status":"closed","sticky":false,"template":"","format":"standard","meta":{"footnotes":""},"categories":[14,3],"tags":[],"class_list":["post-35692","post","type-post","status-publish","format-standard","has-post-thumbnail","hentry","category-destacadas","category-gobierno-del-estado-de-michoacan"],"_links":{"self":[{"href":"https:\/\/radiowebmx.com\/nota\/wp-json\/wp\/v2\/posts\/35692","targetHints":{"allow":["GET"]}}],"collection":[{"href":"https:\/\/radiowebmx.com\/nota\/wp-json\/wp\/v2\/posts"}],"about":[{"href":"https:\/\/radiowebmx.com\/nota\/wp-json\/wp\/v2\/types\/post"}],"author":[{"embeddable":true,"href":"https:\/\/radiowebmx.com\/nota\/wp-json\/wp\/v2\/users\/2"}],"replies":[{"embeddable":true,"href":"https:\/\/radiowebmx.com\/nota\/wp-json\/wp\/v2\/comments?post=35692"}],"version-history":[{"count":1,"href":"https:\/\/radiowebmx.com\/nota\/wp-json\/wp\/v2\/posts\/35692\/revisions"}],"predecessor-version":[{"id":35694,"href":"https:\/\/radiowebmx.com\/nota\/wp-json\/wp\/v2\/posts\/35692\/revisions\/35694"}],"wp:featuredmedia":[{"embeddable":true,"href":"https:\/\/radiowebmx.com\/nota\/wp-json\/wp\/v2\/media\/35693"}],"wp:attachment":[{"href":"https:\/\/radiowebmx.com\/nota\/wp-json\/wp\/v2\/media?parent=35692"}],"wp:term":[{"taxonomy":"category","embeddable":true,"href":"https:\/\/radiowebmx.com\/nota\/wp-json\/wp\/v2\/categories?post=35692"},{"taxonomy":"post_tag","embeddable":true,"href":"https:\/\/radiowebmx.com\/nota\/wp-json\/wp\/v2\/tags?post=35692"}],"curies":[{"name":"wp","href":"https:\/\/api.w.org\/{rel}","templated":true}]}}