{"id":35686,"date":"2017-05-09T17:05:36","date_gmt":"2017-05-09T22:05:36","guid":{"rendered":"https:\/\/radiowebmx.com\/nota\/?p=35686"},"modified":"2017-05-10T20:45:13","modified_gmt":"2017-05-11T01:45:13","slug":"reconoce-gobierno-del-estado-a-las-madres-trabajadoras","status":"publish","type":"post","link":"https:\/\/radiowebmx.com\/nota\/reconoce-gobierno-del-estado-a-las-madres-trabajadoras\/","title":{"rendered":"Reconoce Gobierno del Estado a las madres trabajadoras"},"content":{"rendered":"<p><a href=\"https:\/\/radiowebmx.com\/nota\/wp-content\/uploads\/2017\/05\/72bc0ceb-f172-4166-a0fe-59159bc79419.jpg\"><img loading=\"lazy\" decoding=\"async\" class=\"alignnone size-medium wp-image-35687\" src=\"https:\/\/radiowebmx.com\/nota\/wp-content\/uploads\/2017\/05\/72bc0ceb-f172-4166-a0fe-59159bc79419-595x396.jpg\" alt=\"\" width=\"595\" height=\"396\" srcset=\"https:\/\/radiowebmx.com\/nota\/wp-content\/uploads\/2017\/05\/72bc0ceb-f172-4166-a0fe-59159bc79419-595x396.jpg 595w, https:\/\/radiowebmx.com\/nota\/wp-content\/uploads\/2017\/05\/72bc0ceb-f172-4166-a0fe-59159bc79419.jpg 709w\" sizes=\"auto, (max-width: 595px) 100vw, 595px\" \/><\/a><\/p>\n<p>&nbsp;<\/p>\n<p><strong>Morelia, Michoac\u00e1n, a 9 de mayo de 2017.-<\/strong>\u00a0En el marco de la celebraci\u00f3n que el Sindicato \u00danico de Empleados de la Universidad Michoacana (SUEUM) ofreci\u00f3 a las madres agremiadas a esta organizaci\u00f3n, el coordinador de Asesores del Ejecutivo, Antonio Soto S\u00e1nchez, reconoci\u00f3 en las mujeres la fuerza de trabajo que d\u00eda a d\u00eda hace de Michoac\u00e1n un mejor estado.<\/p>\n<p>&nbsp;<\/p>\n<p>\u201cEste es un sindicato hist\u00f3rico y progresista, que ha permitido consolidar la grandeza de la Universidad Michoacana gracias a su esfuerzo diario y permanente, de la mano con los directivos, maestros y alumnos, esta casa de estudios, no ser\u00eda lo que es, sino fuera por ustedes\u201d, subray\u00f3 Soto S\u00e1nchez durante su mensaje.<\/p>\n<p>&nbsp;<\/p>\n<p>Fundado en 1978, el SUEUM est\u00e1 conformado en un 70 por ciento por mujeres, que en su gran mayor\u00eda son madres de familia, factor que es un mayor aliciente para su esfuerzo diario, destac\u00f3 el funcionario estatal, quien asisti\u00f3 al acto con la representaci\u00f3n del Gobernador Silvano Aureoles Conejo.<\/p>\n<p>&nbsp;<\/p>\n<p>Asimismo, refrend\u00f3 el apoyo y respaldo del Gobierno del Estado e hizo extensiva la felicitaci\u00f3n que el mandatario michoacano les enviara con motivo del D\u00eda de las Madres.<\/p>\n<p>&nbsp;<\/p>\n<p>\u201cLas mujeres est\u00e1n contribuyendo y han contribuido en la historia de Michoac\u00e1n, de M\u00e9xico y el mundo; son ustedes quienes hacen de los sindicatos y organizaciones entes fuertes y consolidados que mucho aportan a nuestra sociedad. Las invito a seguir trabajando para, juntos, vencer todos los retos que se nos presenten para hacer crecer a nuestro estado\u201d, concluy\u00f3.<\/p>\n<div><\/div>\n","protected":false},"excerpt":{"rendered":"<p>&nbsp; Morelia, Michoac\u00e1n, a 9 de mayo de 2017.-\u00a0En el marco de la celebraci\u00f3n que el Sindicato \u00danico de Empleados de la Universidad Michoacana (SUEUM) ofreci\u00f3 a las madres agremiadas a esta organizaci\u00f3n, el coordinador de Asesores del Ejecutivo, Antonio Soto S\u00e1nchez, reconoci\u00f3 en las mujeres la fuerza de trabajo que d\u00eda a d\u00eda hace [&hellip;]<\/p>\n","protected":false},"author":2,"featured_media":35687,"comment_status":"closed","ping_status":"closed","sticky":false,"template":"","format":"standard","meta":{"footnotes":""},"categories":[14,3],"tags":[],"class_list":["post-35686","post","type-post","status-publish","format-standard","has-post-thumbnail","hentry","category-destacadas","category-gobierno-del-estado-de-michoacan"],"_links":{"self":[{"href":"https:\/\/radiowebmx.com\/nota\/wp-json\/wp\/v2\/posts\/35686","targetHints":{"allow":["GET"]}}],"collection":[{"href":"https:\/\/radiowebmx.com\/nota\/wp-json\/wp\/v2\/posts"}],"about":[{"href":"https:\/\/radiowebmx.com\/nota\/wp-json\/wp\/v2\/types\/post"}],"author":[{"embeddable":true,"href":"https:\/\/radiowebmx.com\/nota\/wp-json\/wp\/v2\/users\/2"}],"replies":[{"embeddable":true,"href":"https:\/\/radiowebmx.com\/nota\/wp-json\/wp\/v2\/comments?post=35686"}],"version-history":[{"count":1,"href":"https:\/\/radiowebmx.com\/nota\/wp-json\/wp\/v2\/posts\/35686\/revisions"}],"predecessor-version":[{"id":35688,"href":"https:\/\/radiowebmx.com\/nota\/wp-json\/wp\/v2\/posts\/35686\/revisions\/35688"}],"wp:featuredmedia":[{"embeddable":true,"href":"https:\/\/radiowebmx.com\/nota\/wp-json\/wp\/v2\/media\/35687"}],"wp:attachment":[{"href":"https:\/\/radiowebmx.com\/nota\/wp-json\/wp\/v2\/media?parent=35686"}],"wp:term":[{"taxonomy":"category","embeddable":true,"href":"https:\/\/radiowebmx.com\/nota\/wp-json\/wp\/v2\/categories?post=35686"},{"taxonomy":"post_tag","embeddable":true,"href":"https:\/\/radiowebmx.com\/nota\/wp-json\/wp\/v2\/tags?post=35686"}],"curies":[{"name":"wp","href":"https:\/\/api.w.org\/{rel}","templated":true}]}}