{"id":35683,"date":"2017-05-09T16:59:07","date_gmt":"2017-05-09T21:59:07","guid":{"rendered":"https:\/\/radiowebmx.com\/nota\/?p=35683"},"modified":"2017-05-10T20:43:14","modified_gmt":"2017-05-11T01:43:14","slug":"michoacan-de-los-estados-mas-eficientes-en-el-combate-a-incendios-forestales","status":"publish","type":"post","link":"https:\/\/radiowebmx.com\/nota\/michoacan-de-los-estados-mas-eficientes-en-el-combate-a-incendios-forestales\/","title":{"rendered":"Michoac\u00e1n, de los estados m\u00e1s eficientes en el combate a incendios forestales"},"content":{"rendered":"<p><a href=\"https:\/\/radiowebmx.com\/nota\/wp-content\/uploads\/2017\/05\/6c2f2e37-b592-4537-a802-3926a8abb756.jpg\"><img loading=\"lazy\" decoding=\"async\" class=\"alignnone size-medium wp-image-35684\" src=\"https:\/\/radiowebmx.com\/nota\/wp-content\/uploads\/2017\/05\/6c2f2e37-b592-4537-a802-3926a8abb756-595x334.jpg\" alt=\"\" width=\"595\" height=\"334\" srcset=\"https:\/\/radiowebmx.com\/nota\/wp-content\/uploads\/2017\/05\/6c2f2e37-b592-4537-a802-3926a8abb756-595x334.jpg 595w, https:\/\/radiowebmx.com\/nota\/wp-content\/uploads\/2017\/05\/6c2f2e37-b592-4537-a802-3926a8abb756.jpg 709w\" sizes=\"auto, (max-width: 595px) 100vw, 595px\" \/><\/a><\/p>\n<p>&nbsp;<\/p>\n<p><strong>Morelia, Michoac\u00e1n, a 9 de mayo de 2017.<\/strong>&#8211; A nivel nacional, Michoac\u00e1n se posiciona como una de las entidades m\u00e1s eficientes en el combate a los incendios forestales, pues este 2017 se registra una afectaci\u00f3n de 4 mil 15 hect\u00e1reas menos que el a\u00f1o pasado, destac\u00f3 el titular de la Comisi\u00f3n Forestal del Estado de Michoac\u00e1n (Cofom), Roberto P\u00e9rez Medrano.<\/p>\n<p>Resalt\u00f3 que la coordinaci\u00f3n de acciones de prevenci\u00f3n y ataque al fuego a trav\u00e9s de un Mando Unificado por parte de los tres \u00e1mbitos de gobierno, el apoyo de la Secretar\u00eda de la Defensa Nacional y un despliegue de unos mil 200 combatientes, ha permitido encarar con estrategia la siniestralidad en los 113 municipios.<\/p>\n<p>Detall\u00f3 que la bit\u00e1cora del Programa Estatal de Prevenci\u00f3n y Combate de Incendios reporta un indicador de 23 minutos de detecci\u00f3n del fuego, 57 minutos para la llegada al foco rojo y una duraci\u00f3n de 10 horas con 50 minutos en promedio en el combate, apoyadas estas acciones por v\u00eda satelital.<\/p>\n<p>Por \u00faltimo, el funcionario estatal refiri\u00f3 que por indicaciones del Gobernador Silvano Aureoles Conejo, la dependencia se mantiene en alerta permanente para atender cualquier eventualidad.<\/p>\n","protected":false},"excerpt":{"rendered":"<p>&nbsp; Morelia, Michoac\u00e1n, a 9 de mayo de 2017.&#8211; A nivel nacional, Michoac\u00e1n se posiciona como una de las entidades m\u00e1s eficientes en el combate a los incendios forestales, pues este 2017 se registra una afectaci\u00f3n de 4 mil 15 hect\u00e1reas menos que el a\u00f1o pasado, destac\u00f3 el titular de la Comisi\u00f3n Forestal del Estado [&hellip;]<\/p>\n","protected":false},"author":2,"featured_media":35684,"comment_status":"closed","ping_status":"closed","sticky":false,"template":"","format":"standard","meta":{"footnotes":""},"categories":[14,3],"tags":[],"class_list":["post-35683","post","type-post","status-publish","format-standard","has-post-thumbnail","hentry","category-destacadas","category-gobierno-del-estado-de-michoacan"],"_links":{"self":[{"href":"https:\/\/radiowebmx.com\/nota\/wp-json\/wp\/v2\/posts\/35683","targetHints":{"allow":["GET"]}}],"collection":[{"href":"https:\/\/radiowebmx.com\/nota\/wp-json\/wp\/v2\/posts"}],"about":[{"href":"https:\/\/radiowebmx.com\/nota\/wp-json\/wp\/v2\/types\/post"}],"author":[{"embeddable":true,"href":"https:\/\/radiowebmx.com\/nota\/wp-json\/wp\/v2\/users\/2"}],"replies":[{"embeddable":true,"href":"https:\/\/radiowebmx.com\/nota\/wp-json\/wp\/v2\/comments?post=35683"}],"version-history":[{"count":1,"href":"https:\/\/radiowebmx.com\/nota\/wp-json\/wp\/v2\/posts\/35683\/revisions"}],"predecessor-version":[{"id":35685,"href":"https:\/\/radiowebmx.com\/nota\/wp-json\/wp\/v2\/posts\/35683\/revisions\/35685"}],"wp:featuredmedia":[{"embeddable":true,"href":"https:\/\/radiowebmx.com\/nota\/wp-json\/wp\/v2\/media\/35684"}],"wp:attachment":[{"href":"https:\/\/radiowebmx.com\/nota\/wp-json\/wp\/v2\/media?parent=35683"}],"wp:term":[{"taxonomy":"category","embeddable":true,"href":"https:\/\/radiowebmx.com\/nota\/wp-json\/wp\/v2\/categories?post=35683"},{"taxonomy":"post_tag","embeddable":true,"href":"https:\/\/radiowebmx.com\/nota\/wp-json\/wp\/v2\/tags?post=35683"}],"curies":[{"name":"wp","href":"https:\/\/api.w.org\/{rel}","templated":true}]}}