{"id":35661,"date":"2017-05-10T15:25:33","date_gmt":"2017-05-10T20:25:33","guid":{"rendered":"https:\/\/radiowebmx.com\/nota\/?p=35661"},"modified":"2017-05-10T20:16:27","modified_gmt":"2017-05-11T01:16:27","slug":"frontal-el-combate-al-secuestro-en-los-reyes-silvano-aureoles","status":"publish","type":"post","link":"https:\/\/radiowebmx.com\/nota\/frontal-el-combate-al-secuestro-en-los-reyes-silvano-aureoles\/","title":{"rendered":"Frontal, el combate al secuestro en Los Reyes: Silvano Aureoles"},"content":{"rendered":"<p><a href=\"https:\/\/radiowebmx.com\/nota\/wp-content\/uploads\/2017\/05\/ffa883f3-67b7-4d11-9bba-d0dc4b3513bb.jpeg\"><img loading=\"lazy\" decoding=\"async\" class=\"alignnone size-medium wp-image-35662\" src=\"https:\/\/radiowebmx.com\/nota\/wp-content\/uploads\/2017\/05\/ffa883f3-67b7-4d11-9bba-d0dc4b3513bb-595x411.jpeg\" alt=\"\" width=\"595\" height=\"411\" srcset=\"https:\/\/radiowebmx.com\/nota\/wp-content\/uploads\/2017\/05\/ffa883f3-67b7-4d11-9bba-d0dc4b3513bb-595x411.jpeg 595w, https:\/\/radiowebmx.com\/nota\/wp-content\/uploads\/2017\/05\/ffa883f3-67b7-4d11-9bba-d0dc4b3513bb.jpeg 709w\" sizes=\"auto, (max-width: 595px) 100vw, 595px\" \/><\/a><\/p>\n<p>&nbsp;<\/p>\n<p><strong>Los Reyes, Michoac\u00e1n, a 10 de mayo de 2017.-<\/strong> Al ser el secuestro uno de los delitos que m\u00e1s lastiman a las familias de la entidad y afectan la atracci\u00f3n de inversiones, &#8220;en mi Gobierno tenemos la firme decisi\u00f3n de cerrarle el paso a quienes cometen estos il\u00edcitos&#8221;, asever\u00f3 el Gobernador Constitucional Silvano Aureoles Conejo.<\/p>\n<p>Al encabezar la reuni\u00f3n del Grupo de Coordinaci\u00f3n para la Seguridad Local de Los Reyes, recalc\u00f3 que el secuestro es uno de los delitos que m\u00e1s han disminuido durante \u00faltimos meses, como resultado de la estrategia coordinada entre los tres \u00f3rdenes de Gobierno.<\/p>\n<p>Como muestra de lo anterior, tan s\u00f3lo en el municipio de Los Reyes, en la \u00faltima semana fueron liberadas dos personas y detenidas tres por este il\u00edcito, expuso.<\/p>\n<p>Tambi\u00e9n, en el periodo del 1 al 9 de mayo, fueron aseguradas en esta regi\u00f3n armas y dosis de coca\u00edna, adem\u00e1s de que fueron recuperados dos veh\u00edculos con reporte de robo y uno m\u00e1s remitido al Ministerio P\u00fablico por estar relacionado con hechos delictivos.<\/p>\n<p>De igual manera, dos personas fueron remitidas al Ministerio P\u00fablico y se localiz\u00f3 a una persona reportada como extraviada.<\/p>\n<p>Finalmente, el Gobernador del Estado refrend\u00f3 su compromiso de apoyar a los ayuntamientos para fortalecer sus corporaciones de seguridad para que no se vean infiltradas por el crimen organizado y recuperen al 100 por ciento la confianza de la ciudadan\u00eda.<\/p>\n<p>Estuvieron presentes en esta sesi\u00f3n de trabajo el alcalde Los Reyes, Jes\u00fas \u00c1lvarez Hern\u00e1ndez; el secretario de Seguridad P\u00fablica, Juan Bernardo Corona Mart\u00ednez; el procurador general de Justicia del Estado, Jos\u00e9 Mart\u00edn Godoy Castro; el comandante de la 21 Zona Militar, general Jos\u00e9 Francisco Morales Cazares; el subsecretario de Seguridad P\u00fablica, Carlos G\u00f3mez Arrieta; el comisario estatal de la Polic\u00eda Federal, Israel Galv\u00e1n Jaime; y el director de Seguridad P\u00fablica del municipio, Alfonso Torres Mungu\u00eda.<\/p>\n","protected":false},"excerpt":{"rendered":"<p>&nbsp; Los Reyes, Michoac\u00e1n, a 10 de mayo de 2017.- Al ser el secuestro uno de los delitos que m\u00e1s lastiman a las familias de la entidad y afectan la atracci\u00f3n de inversiones, &#8220;en mi Gobierno tenemos la firme decisi\u00f3n de cerrarle el paso a quienes cometen estos il\u00edcitos&#8221;, asever\u00f3 el Gobernador Constitucional Silvano Aureoles [&hellip;]<\/p>\n","protected":false},"author":2,"featured_media":35662,"comment_status":"closed","ping_status":"closed","sticky":false,"template":"","format":"standard","meta":{"footnotes":""},"categories":[14,3],"tags":[],"class_list":["post-35661","post","type-post","status-publish","format-standard","has-post-thumbnail","hentry","category-destacadas","category-gobierno-del-estado-de-michoacan"],"_links":{"self":[{"href":"https:\/\/radiowebmx.com\/nota\/wp-json\/wp\/v2\/posts\/35661","targetHints":{"allow":["GET"]}}],"collection":[{"href":"https:\/\/radiowebmx.com\/nota\/wp-json\/wp\/v2\/posts"}],"about":[{"href":"https:\/\/radiowebmx.com\/nota\/wp-json\/wp\/v2\/types\/post"}],"author":[{"embeddable":true,"href":"https:\/\/radiowebmx.com\/nota\/wp-json\/wp\/v2\/users\/2"}],"replies":[{"embeddable":true,"href":"https:\/\/radiowebmx.com\/nota\/wp-json\/wp\/v2\/comments?post=35661"}],"version-history":[{"count":1,"href":"https:\/\/radiowebmx.com\/nota\/wp-json\/wp\/v2\/posts\/35661\/revisions"}],"predecessor-version":[{"id":35663,"href":"https:\/\/radiowebmx.com\/nota\/wp-json\/wp\/v2\/posts\/35661\/revisions\/35663"}],"wp:featuredmedia":[{"embeddable":true,"href":"https:\/\/radiowebmx.com\/nota\/wp-json\/wp\/v2\/media\/35662"}],"wp:attachment":[{"href":"https:\/\/radiowebmx.com\/nota\/wp-json\/wp\/v2\/media?parent=35661"}],"wp:term":[{"taxonomy":"category","embeddable":true,"href":"https:\/\/radiowebmx.com\/nota\/wp-json\/wp\/v2\/categories?post=35661"},{"taxonomy":"post_tag","embeddable":true,"href":"https:\/\/radiowebmx.com\/nota\/wp-json\/wp\/v2\/tags?post=35661"}],"curies":[{"name":"wp","href":"https:\/\/api.w.org\/{rel}","templated":true}]}}