{"id":35658,"date":"2017-05-10T14:39:13","date_gmt":"2017-05-10T19:39:13","guid":{"rendered":"https:\/\/radiowebmx.com\/nota\/?p=35658"},"modified":"2017-05-10T20:07:19","modified_gmt":"2017-05-11T01:07:19","slug":"mujer-principal-activo-de-los-programas-sociales-geronimo-color","status":"publish","type":"post","link":"https:\/\/radiowebmx.com\/nota\/mujer-principal-activo-de-los-programas-sociales-geronimo-color\/","title":{"rendered":"Mujer, principal activo de los programas sociales: Ger\u00f3nimo Color"},"content":{"rendered":"<p class=\"x_MsoNormal\"><a href=\"https:\/\/radiowebmx.com\/nota\/wp-content\/uploads\/2017\/05\/IMG_8731.jpg\"><img loading=\"lazy\" decoding=\"async\" class=\"alignnone size-medium wp-image-35659\" src=\"https:\/\/radiowebmx.com\/nota\/wp-content\/uploads\/2017\/05\/IMG_8731-595x396.jpg\" alt=\"\" width=\"595\" height=\"396\" srcset=\"https:\/\/radiowebmx.com\/nota\/wp-content\/uploads\/2017\/05\/IMG_8731-595x396.jpg 595w, https:\/\/radiowebmx.com\/nota\/wp-content\/uploads\/2017\/05\/IMG_8731.jpg 709w\" sizes=\"auto, (max-width: 595px) 100vw, 595px\" \/><\/a><\/p>\n<p class=\"x_MsoNormal\">\n<p class=\"x_MsoNormal\">Indaparapeo Mich. a 10 de Mayo de 2017.- Las mujeres son el principal activo de los programas sociales. El presidente Enrique Pe\u00f1a Nieto consciente de ello pasar\u00e1 a la historia por haber reconocido y planteado una Estrategia de Inclusi\u00f3n Social dirigida para las jefas de familia, fueron las palabras del delegado de la Sedesol Ger\u00f3nimo Color Gasca durante la celebraci\u00f3n del D\u00eda de las Madres.<\/p>\n<p class=\"x_MsoNormal\">En el marco de la celebraci\u00f3n del D\u00eda de las Madres, el programa de Inclusi\u00f3n Social Prospera, festej\u00f3 a las beneficiarias en el municipio de Indaparapeo, en donde la delegada Sara Concepci\u00f3n Rodr\u00edguez Aburto, precis\u00f3 que el programa se trasform\u00f3 para incluir aspectos fundamentales como la educaci\u00f3n, salud y alimentaci\u00f3n.<\/p>\n<p class=\"x_MsoNormal\">El presidente municipal de Indaparapeo Alejandro Gam\u00e9z Vega, reconoci\u00f3 el trabajo del presidente de la Rep\u00fablica Enrique Pe\u00f1a Nieto y del secretario de Desarrollo Social Luis Enrique Miranda Nava, ya que se ha duplicado el padr\u00f3n de beneficiarios de la Pensi\u00f3n para Adultos Mayores y se ha instalado un Comedor Comunitario.<\/p>\n<p class=\"x_MsoNormal\">Durante el festejo del d\u00eda de las madres en la tenencia San Lucas Pio, el alcalde celebr\u00f3 la disposici\u00f3n del delegado federal, ya que en la tenencia el a\u00f1o pasado se dio la apertura de una lecher\u00eda Liconsa y ahora se abre el Comedor, as\u00ed como la pavimentaci\u00f3n de una de las principales vialidades de esta comunidad.<\/p>\n<p class=\"x_MsoNormal\">En su oportunidad el delegado federal, se\u00f1al\u00f3 que en la presente administraci\u00f3n ha sido fundamental la atenci\u00f3n alimenticia para madres, ni\u00f1os y adultos mayores, a trav\u00e9s de la instalaci\u00f3n de 500 Comedores Comunitarios en Michoac\u00e1n, as\u00ed como la creaci\u00f3n de Seguro de Vida para Jefas de Familia que garantiza la educaci\u00f3n en caso de que la madre llegue a faltar.<\/p>\n<p class=\"x_MsoNormal\">En la celebraci\u00f3n con algunas de las cerca de 2 mil 500 mujeres beneficiarias de este municipio, se present\u00f3 el ballet folklorito de la Casa de la Cultura, el personal de Prospera enton\u00f3 las ma\u00f1anitas y canciones para las mam\u00e1s.<\/p>\n<p class=\"x_MsoNormal\">Por la ma\u00f1ana Color Gasca, acudi\u00f3 a la Ventanilla de la Pensi\u00f3n para Adultos Mayores en Morelia para saludar a los beneficiarios y verificar que la atenci\u00f3n que se ofrece sea de manera eficiente.<\/p>\n<p class=\"x_MsoNormal\">\n","protected":false},"excerpt":{"rendered":"<p>Indaparapeo Mich. a 10 de Mayo de 2017.- Las mujeres son el principal activo de los programas sociales. El presidente Enrique Pe\u00f1a Nieto consciente de ello pasar\u00e1 a la historia por haber reconocido y planteado una Estrategia de Inclusi\u00f3n Social dirigida para las jefas de familia, fueron las palabras del delegado de la Sedesol Ger\u00f3nimo [&hellip;]<\/p>\n","protected":false},"author":2,"featured_media":35659,"comment_status":"closed","ping_status":"closed","sticky":false,"template":"","format":"standard","meta":{"footnotes":""},"categories":[14,3],"tags":[],"class_list":["post-35658","post","type-post","status-publish","format-standard","has-post-thumbnail","hentry","category-destacadas","category-gobierno-del-estado-de-michoacan"],"_links":{"self":[{"href":"https:\/\/radiowebmx.com\/nota\/wp-json\/wp\/v2\/posts\/35658","targetHints":{"allow":["GET"]}}],"collection":[{"href":"https:\/\/radiowebmx.com\/nota\/wp-json\/wp\/v2\/posts"}],"about":[{"href":"https:\/\/radiowebmx.com\/nota\/wp-json\/wp\/v2\/types\/post"}],"author":[{"embeddable":true,"href":"https:\/\/radiowebmx.com\/nota\/wp-json\/wp\/v2\/users\/2"}],"replies":[{"embeddable":true,"href":"https:\/\/radiowebmx.com\/nota\/wp-json\/wp\/v2\/comments?post=35658"}],"version-history":[{"count":1,"href":"https:\/\/radiowebmx.com\/nota\/wp-json\/wp\/v2\/posts\/35658\/revisions"}],"predecessor-version":[{"id":35660,"href":"https:\/\/radiowebmx.com\/nota\/wp-json\/wp\/v2\/posts\/35658\/revisions\/35660"}],"wp:featuredmedia":[{"embeddable":true,"href":"https:\/\/radiowebmx.com\/nota\/wp-json\/wp\/v2\/media\/35659"}],"wp:attachment":[{"href":"https:\/\/radiowebmx.com\/nota\/wp-json\/wp\/v2\/media?parent=35658"}],"wp:term":[{"taxonomy":"category","embeddable":true,"href":"https:\/\/radiowebmx.com\/nota\/wp-json\/wp\/v2\/categories?post=35658"},{"taxonomy":"post_tag","embeddable":true,"href":"https:\/\/radiowebmx.com\/nota\/wp-json\/wp\/v2\/tags?post=35658"}],"curies":[{"name":"wp","href":"https:\/\/api.w.org\/{rel}","templated":true}]}}