{"id":35655,"date":"2017-05-10T14:34:46","date_gmt":"2017-05-10T19:34:46","guid":{"rendered":"https:\/\/radiowebmx.com\/nota\/?p=35655"},"modified":"2017-05-10T20:02:57","modified_gmt":"2017-05-11T01:02:57","slug":"supervisan-gobernador-y-gcm-estrategia-de-seguridad-en-uruapan","status":"publish","type":"post","link":"https:\/\/radiowebmx.com\/nota\/supervisan-gobernador-y-gcm-estrategia-de-seguridad-en-uruapan\/","title":{"rendered":"Supervisan Gobernador y GCM estrategia de seguridad en Uruapan"},"content":{"rendered":"<p><a href=\"https:\/\/radiowebmx.com\/nota\/wp-content\/uploads\/2017\/05\/6a9c9295-9f8c-40ea-ab1a-bb4696ce721c.jpg\"><img loading=\"lazy\" decoding=\"async\" class=\"alignnone size-medium wp-image-35656\" src=\"https:\/\/radiowebmx.com\/nota\/wp-content\/uploads\/2017\/05\/6a9c9295-9f8c-40ea-ab1a-bb4696ce721c-595x396.jpg\" alt=\"\" width=\"595\" height=\"396\" srcset=\"https:\/\/radiowebmx.com\/nota\/wp-content\/uploads\/2017\/05\/6a9c9295-9f8c-40ea-ab1a-bb4696ce721c-595x396.jpg 595w, https:\/\/radiowebmx.com\/nota\/wp-content\/uploads\/2017\/05\/6a9c9295-9f8c-40ea-ab1a-bb4696ce721c.jpg 709w\" sizes=\"auto, (max-width: 595px) 100vw, 595px\" \/><\/a><\/p>\n<p>&nbsp;<\/p>\n<p><strong>Uruapan, Michoac\u00e1n, a 10 de mayo de 2017<\/strong>.-\u00a0 Con el objetivo de revisar los avances en materia de seguridad y fortalecer la estrategia, el Gobernador Constitucional Silvano Aureoles Conejo encabez\u00f3 hoy la reuni\u00f3n del Grupo de Coordinaci\u00f3n Michoac\u00e1n (GCM) en la regi\u00f3n de Uruapan.<\/p>\n<p>&nbsp;<\/p>\n<p>En este encuentro, el mandatario estatal refrend\u00f3 su compromiso para hacer frente a la inseguridad con el uso de tecnolog\u00eda y acciones coordinadas, que han permitido asestar fuertes golpes a c\u00e9lulas delincuenciales en diferentes regiones del estado.<\/p>\n<p>&nbsp;<\/p>\n<p>\u201cEn materia de seguridad no se bajar\u00e1 la guardia, pues el principal objetivo de la administraci\u00f3n que yo encabezo es que las y los michoacanos cuenten con mejores condiciones de vida\u201d, expres\u00f3.<\/p>\n<p>&nbsp;<\/p>\n<p>Aureoles Conejo destac\u00f3 la necesidad de contar con un trabajo coordinado entre los tres \u00f3rdenes de Gobierno, pero consider\u00f3 como fundamental tambi\u00e9n la participaci\u00f3n de la sociedad.<\/p>\n<p>&nbsp;<\/p>\n<p>Manifest\u00f3 que gracias a la confianza que las y los uruapenses han mostrado a las instituciones de seguridad, es como se han logrado disminuir los \u00edndices delictivos.<\/p>\n<p>&nbsp;<\/p>\n<p>Durante el encuentro de este mi\u00e9rcoles, se inform\u00f3 sobre sobre los resultados obtenidos tras los operativos de seguridad implementados del 3 al 6 de mayo en la regi\u00f3n Uruapan.<\/p>\n<p>&nbsp;<\/p>\n<p>Entre las acciones est\u00e1 la recuperaci\u00f3n de cuatro veh\u00edculos, un tracto cami\u00f3n y dos motocicletas que ten\u00edan reporte de robo, as\u00ed como la detenci\u00f3n de cuatro personas y el aseguramiento de un veh\u00edculo relacionado con hechos delictivos.<\/p>\n<p>&nbsp;<\/p>\n<p>Estuvieron presentes en esta reuni\u00f3n el secretario de Seguridad P\u00fablica, Juan Bernardo Corona Mart\u00ednez; el procurador general de Justicia del Estado, Jos\u00e9 Mart\u00edn Godoy Castro; el comandante de la 21 Zona Militar, general Jos\u00e9 Francisco Morales Cazares, y el subsecretario de Seguridad P\u00fablica, Carlos G\u00f3mez Arrieta.<\/p>\n<p>&nbsp;<\/p>\n<p>Tambi\u00e9n el comisario estatal de la Polic\u00eda Federal, Israel Galv\u00e1n Jaime; el presidente municipal de Uruapan, V\u00edctor Manuel Manr\u00edquez Gonz\u00e1lez; el director de Seguridad P\u00fablica en Uruapan, comandante Arturo Fern\u00e1ndez Garc\u00eda; as\u00ed como diversas autoridades.<\/p>\n","protected":false},"excerpt":{"rendered":"<p>&nbsp; Uruapan, Michoac\u00e1n, a 10 de mayo de 2017.-\u00a0 Con el objetivo de revisar los avances en materia de seguridad y fortalecer la estrategia, el Gobernador Constitucional Silvano Aureoles Conejo encabez\u00f3 hoy la reuni\u00f3n del Grupo de Coordinaci\u00f3n Michoac\u00e1n (GCM) en la regi\u00f3n de Uruapan. &nbsp; En este encuentro, el mandatario estatal refrend\u00f3 su compromiso [&hellip;]<\/p>\n","protected":false},"author":2,"featured_media":35656,"comment_status":"closed","ping_status":"closed","sticky":false,"template":"","format":"standard","meta":{"footnotes":""},"categories":[14,3],"tags":[],"class_list":["post-35655","post","type-post","status-publish","format-standard","has-post-thumbnail","hentry","category-destacadas","category-gobierno-del-estado-de-michoacan"],"_links":{"self":[{"href":"https:\/\/radiowebmx.com\/nota\/wp-json\/wp\/v2\/posts\/35655","targetHints":{"allow":["GET"]}}],"collection":[{"href":"https:\/\/radiowebmx.com\/nota\/wp-json\/wp\/v2\/posts"}],"about":[{"href":"https:\/\/radiowebmx.com\/nota\/wp-json\/wp\/v2\/types\/post"}],"author":[{"embeddable":true,"href":"https:\/\/radiowebmx.com\/nota\/wp-json\/wp\/v2\/users\/2"}],"replies":[{"embeddable":true,"href":"https:\/\/radiowebmx.com\/nota\/wp-json\/wp\/v2\/comments?post=35655"}],"version-history":[{"count":1,"href":"https:\/\/radiowebmx.com\/nota\/wp-json\/wp\/v2\/posts\/35655\/revisions"}],"predecessor-version":[{"id":35657,"href":"https:\/\/radiowebmx.com\/nota\/wp-json\/wp\/v2\/posts\/35655\/revisions\/35657"}],"wp:featuredmedia":[{"embeddable":true,"href":"https:\/\/radiowebmx.com\/nota\/wp-json\/wp\/v2\/media\/35656"}],"wp:attachment":[{"href":"https:\/\/radiowebmx.com\/nota\/wp-json\/wp\/v2\/media?parent=35655"}],"wp:term":[{"taxonomy":"category","embeddable":true,"href":"https:\/\/radiowebmx.com\/nota\/wp-json\/wp\/v2\/categories?post=35655"},{"taxonomy":"post_tag","embeddable":true,"href":"https:\/\/radiowebmx.com\/nota\/wp-json\/wp\/v2\/tags?post=35655"}],"curies":[{"name":"wp","href":"https:\/\/api.w.org\/{rel}","templated":true}]}}