{"id":3563,"date":"2013-08-21T12:36:09","date_gmt":"2013-08-21T17:36:09","guid":{"rendered":"https:\/\/radiowebmx.com\/nota\/?p=3563"},"modified":"2013-08-21T12:36:09","modified_gmt":"2013-08-21T17:36:09","slug":"temas-de-cafe-70","status":"publish","type":"post","link":"https:\/\/radiowebmx.com\/nota\/temas-de-cafe-70\/","title":{"rendered":"TEMAS DE CAF\u00c9"},"content":{"rendered":"<ul>\n<li><a href=\"https:\/\/radiowebmx.com\/nota\/wp-content\/uploads\/2013\/06\/temas-de-cafe.jpg\"><img loading=\"lazy\" decoding=\"async\" class=\"alignleft size-full wp-image-2805\" alt=\"temas de cafe\" src=\"https:\/\/radiowebmx.com\/nota\/wp-content\/uploads\/2013\/06\/temas-de-cafe.jpg\" width=\"295\" height=\"171\" \/><\/a>ASPIRINAS PARA EL CANCER<\/li>\n<li>ELECCIONES O DESIGNACION<\/li>\n<li>LUISA, VEGA, MARKO Y \u00bfBENY?<\/li>\n<li>VERONICA MENDOZA:\u00bfFINANZAS?<\/li>\n<\/ul>\n<p>Muy poca gente de la Federaci\u00f3n, alcanza a dimensionar lo que sucede en Michoac\u00e1n, estado que necesita una cirug\u00eda mayor, por eso es decepcionante que la Secretar\u00eda de Econom\u00eda y Nacional Financiera, hayan dedicado a Michoac\u00e1n 25 millones, de un total de mil para todo el pa\u00eds, para reactivar la econom\u00eda, cuando de acuerdo a un amplio y concienzudo estudio, del Colegio de Economistas de Michoac\u00e1n, que preside Heliodoro Gil Corona, el cual ya fue entregado al gobernador del Estado Jes\u00fas Reyna, se requieren para poder crecer un 3 por ciento, el a\u00f1o entrante, 24 mil millones de pesos, y para crecer al 5 por ciento en el 2015, se necesitar\u00e1n 40 mil millones.<\/p>\n<p>UNA ASPIRINA PARA UN CANCER AVANZADO<\/p>\n<p>Ayer la delegada de la Secretar\u00eda de Econom\u00eda Nancy Alejandra C\u00e1rdenas Meza, moreliana conocida en la Sefeco, porque estuvo colaborando con Eloy Vargas, dio a conocer que a Michoac\u00e1n le hab\u00edan correspondido, 25 millones de\u00a0 pesos de un paquete \u00a0nacional, para reactivar la econom\u00eda, principalmente, en los municipios donde se aplica la Cruzada contra el Hambre, en coordinaci\u00f3n con la Estrategia Nacional contra la Violencia y la Delincuencia, para reactivar las micro, peque\u00f1as y medianas empresas.<\/p>\n<p>Los beneficiarios de este programa, podr\u00e1n disponer de cr\u00e9ditos de 35 mil pesos hasta dos millones de pesos, a pagar en tres a\u00f1os, con una tasa de inter\u00e9s del once por ciento, para esto se deber\u00e1n cumplir una serie de formalidades, en la mismas oficinas de la Secretar\u00eda de Econom\u00eda, pero para las necesidades del estado, solamente nos parece una aspirina, porque hoy Michoac\u00e1n, se encuentra seriamente da\u00f1ado en su econom\u00eda.<\/p>\n<p>RECORRA USTED LAS PLAZAS COMERCIALES<\/p>\n<p>Para que se d\u00e9 una ligera idea de la situaci\u00f3n que vive Michoac\u00e1n, nada m\u00e1s vea usted,\u00a0 para empezar varias dependencias estatales, trabajan con marcados sub ejercicios, cuando se deber\u00edan aplicar todo y despu\u00e9s buscar m\u00e1s recursos, pero ejercerlos y no se hace, segundo las remesas han bajado dr\u00e1sticamente, porque los familiares en los EU, mejor no env\u00edan, porque sus familiares aqu\u00ed, son v\u00edctimas del crimen organizado, agregue usted que las familias pudientes, est\u00e1n huyendo del estado, de acuerdo a los datos de Derechos Humanos, no solamente de Aquila, sino de varias ciudades del estado.<\/p>\n<p>Los hoteles semivac\u00edos, los restaurants con poca gente, la econom\u00eda michoacana se encuentra deprimida, por ello el estudio elaborado por el Colegio de Economistas de Michoac\u00e1n, el cual por cierto est\u00e1 muy completo, demanda grandes inversiones, porque para superar las crisis financieras, la \u00fanica receta que ha funcionado es crear empleos, pero aqu\u00ed el gobierno de Michoac\u00e1n, en vez de crearlos los elimina, al desaparecer dependencias o fusionarlas, aparte la lucha contra el cultivo de drogas, deprime m\u00e1s las zonas de Michoac\u00e1n, donde su cultivo es una de las pocas opciones de acceder a alg\u00fan dinero.<\/p>\n<p>AMENAZAN CON CERRAR HOTELES TRADICIONALES<\/p>\n<p>La Federaci\u00f3n debe poner mayor atenci\u00f3n a Michoac\u00e1n, no es un juego es en serio, la situaci\u00f3n financiera est\u00e1 llegando al fondo, los negocios cierran sus puertas, hay hoteles que sobreviven, sin ganancias pero\u00a0 como no son \u00fatiles para otra cosa, ah\u00ed est\u00e1n en espera de mejores tiempos, uno en la loma de Santa Mar\u00eda, de no mejorar la situaci\u00f3n cerrar\u00e1 sus puertas, lo cual ser\u00eda lamentable, por eso es necesario que la Federaci\u00f3n, el presidente Enrique Pe\u00f1a Nieto, vea por unos minutos con m\u00e1s atenci\u00f3n a Michoac\u00e1n, porque parece que no le importamos, y no debe dejar que nos hundamos m\u00e1s, porque llegar\u00e1 el momento en que la molestia, la irritaci\u00f3n popular rebasar\u00e1 los l\u00edmites y habr\u00e1 guardias comunitarias en cada colonia, la verdad \u00bfeso quieren?.<\/p>\n<p>\u00bfELECCIONES O DESIGNACIONES?<\/p>\n<p>Como est\u00e1 la situaci\u00f3n en Michoac\u00e1n y Guerrero, de acuerdo a comentarios tanto en el pa\u00eds como en el extranjero, si la situaci\u00f3n se mantiene y no vemos c\u00f3mo pueda cambiar dr\u00e1sticamente, por lo cual se vuelven a escuchar voces, que se\u00f1alan que no habr\u00e1 condiciones para realizar un proceso electoral confiable, por lo cual se debe buscar otra opci\u00f3n a la tradicional, o sean las elecciones para elegir a nuestros gobernantes, desde gobernador, diputados locales y alcaldes, en esta ocasi\u00f3n, tambi\u00e9n habr\u00e1 elecciones para diputados federales.<\/p>\n<p>Hasta ahora no se le ve soluci\u00f3n a este problema, sobre todo si la Federaci\u00f3n sigue como hasta ahora, poniendo exigencias al Gobierno de Michoac\u00e1n, para poder aplicar un plan de rescate financiero y la situaci\u00f3n est\u00e1 tan grave, que ya\u00a0 hoy no\u00a0 se deben buscar solamente culpables, sino solucionar el problema, porque puede contagiar al resto de las entidades federativas, si para eso se requiere de un gobierno de transici\u00f3n, que no deba ser elegido en las urnas, se debe hacer, con el consenso de los partidos pol\u00edticos, las organizaciones empresariales y sociales, aunque tenemos un ejemplo no agradable, porque si nos van a decir que debe ser un empresario, quien\u00a0 encabece la administraci\u00f3n, estatal la verdad con Manuel Nocetti quedamos vacunados, sobre la clase empresarial, por lo que si se designar\u00eda a un gobernador, deber\u00e1 ser un pol\u00edtico, rodeado de\u00a0 y pol\u00edticos probos, sensatos y los m\u00e1s honestos que se puedan encontrar, solamente as\u00ed podr\u00eda funcionar el modelo.<\/p>\n<p>LA GUERRA EN EL PAN POR SU CANDIDATO<\/p>\n<p>Hace semanas le comentamos sobre encuestas, que realiza el CEN del PAN, para delinear a sus aspirantes a la candidatura al gobierno del estado, hace d\u00edas empezaron a llamar a los panistas, para preguntarles sobre tres personajes, Luisa Mar\u00eda, Salvador Vega Casillas y Marko Cort\u00e9s, y la sorpresa fue que los panistas, empezaron a reclamar, que porqu\u00e9 solamente se encuestaban a estos tres personajes, para el gobierno de Michoac\u00e1n, que faltaba Beny Quesada y recordar\u00e1 usted que le hemos comentado, sobre los posibles contendientes a la candidatura\u00a0 del PAN, al gobierno estatal y nunca hemos descartado a Beny Quesada.<\/p>\n<p>En el PAN michoacano hay tres personajes, que son importantes por los grupos que tiene, desde luego Luisa Mar\u00eda Calder\u00f3n, innegable que tiene estructura a su favor, el otro es Marko Cort\u00e9s tambi\u00e9n tiene una importante estructura y el otro es Beny Quesada, a tal grado que quien sea el candidato al gobierno de Michoac\u00e1n, debe contar con el respaldo, de la estructura de Beny, y si el candidato resultara ser Beny, tampoco puede obviar a las estructuras de Luisa Mar\u00eda y Marko Cort\u00e9s, en el caso de Salvador Vega la verdad, no ha tenido oportunidad de estructurar su grupo, parece que lleg\u00f3 tarde aunque hace su lucha por formar grupo.<\/p>\n<p>SI LOS PANISTAS TIENEN\u00a0 MEMORIA, SE LA DEBEN A BENY<\/p>\n<p>Debemos recordar que\u00a0 cuando Salvador L\u00f3pez Ordu\u00f1a, fue candidato al gobierno de Michoac\u00e1n, y contendi\u00f3 contra Leonel Godoy el panista quien ten\u00eda m\u00e1s presencia en el estado, era Beny Quesada, quien ven\u00eda de ser dirigente estatal del PAN y diputado local, Salvador L\u00f3pez hab\u00eda sido alcalde de Morelia en dos ocasiones, pero no ten\u00eda presencia estatal, pero la presi\u00f3n del entonces ya presidente de M\u00e9xico, Felipe Calder\u00f3n fue suficiente, para que Beny cediera su estructura a Salvador, quien usted recordar\u00e1 no pudo contra Leonel Godoy, por eso le comentamos que si el PAN tiene memoria, la verdad se la deben a Beny.<\/p>\n<p>LA LOGICA PARA FINANZAS ES VERONICA MENDOZA<\/p>\n<p>Como se ha retrasado la designaci\u00f3n del titular de Finanzas y hace d\u00edas Jes\u00fas Reyna, gobernador del estado, dijo que no vendr\u00eda de fuera, y que \u00e9l la designar\u00eda, entonces la l\u00f3gica indica, que la pr\u00f3xima titular ser\u00e1 Ver\u00f3nica Mendoza Torres, mujer que ha sido y es de todas las confianzas de Ausencio Ch\u00e1vez Hern\u00e1ndez y desde luego de Jes\u00fas Reyna, adem\u00e1s Ver\u00f3nica conoce muy bien el medio financiero, siempre ha estado vinculada a este medio y desde luego, al equipo de Ausencio como a Jes\u00fas Reyna, ya\u00a0 sea en puestos en el estado o \u00a0en la Federaci\u00f3n, \u00faltimamente presidi\u00f3 la Contralor\u00eda del Congreso del estado.<\/p>\n<p>PRESEA BICENTENARIO DE LOS SENTIMIENTOS A CCS<\/p>\n<p>El pr\u00f3ximo 14 de septiembre en sesi\u00f3n solemne, se entregar\u00e1 la Presea Bicentenario de los Sentimientos de las Naci\u00f3n, al ingeniero Cuauht\u00e9moc C\u00e1rdenas, presea que fue impulsado principalmente por Fidel Cader\u00f3n, adem\u00e1s tambi\u00e9n Fidel estuvo, entre\u00a0 quienes apoyaron que la entrega de esta primera presea, fuera para el ingeniero Cuauht\u00e9moc C\u00e1rdenas, por todo lo que ha hecho por la democratizaci\u00f3n de M\u00e9xico, porque ha sido el mayor impulsor de la democracia en el pa\u00eds, acompa\u00f1ado de un grupo valioso de mexicanos.<\/p>\n","protected":false},"excerpt":{"rendered":"<p>\u2022\tASPIRINAS PARA EL CANCER<br \/>\n\u2022\tELECCIONES O DESIGNACION<br \/>\n\u2022\tLUISA, VEGA, MARKO Y \u00bfBENY?<br \/>\n\u2022\tVERONICA MENDOZA:\u00bfFINANZAS?<\/p>\n","protected":false},"author":1,"featured_media":0,"comment_status":"open","ping_status":"open","sticky":false,"template":"","format":"standard","meta":{"footnotes":""},"categories":[4,10],"tags":[],"class_list":["post-3563","post","type-post","status-publish","format-standard","hentry","category-columnistas","category-juan-manuel-belmonte"],"_links":{"self":[{"href":"https:\/\/radiowebmx.com\/nota\/wp-json\/wp\/v2\/posts\/3563","targetHints":{"allow":["GET"]}}],"collection":[{"href":"https:\/\/radiowebmx.com\/nota\/wp-json\/wp\/v2\/posts"}],"about":[{"href":"https:\/\/radiowebmx.com\/nota\/wp-json\/wp\/v2\/types\/post"}],"author":[{"embeddable":true,"href":"https:\/\/radiowebmx.com\/nota\/wp-json\/wp\/v2\/users\/1"}],"replies":[{"embeddable":true,"href":"https:\/\/radiowebmx.com\/nota\/wp-json\/wp\/v2\/comments?post=3563"}],"version-history":[{"count":1,"href":"https:\/\/radiowebmx.com\/nota\/wp-json\/wp\/v2\/posts\/3563\/revisions"}],"predecessor-version":[{"id":3564,"href":"https:\/\/radiowebmx.com\/nota\/wp-json\/wp\/v2\/posts\/3563\/revisions\/3564"}],"wp:attachment":[{"href":"https:\/\/radiowebmx.com\/nota\/wp-json\/wp\/v2\/media?parent=3563"}],"wp:term":[{"taxonomy":"category","embeddable":true,"href":"https:\/\/radiowebmx.com\/nota\/wp-json\/wp\/v2\/categories?post=3563"},{"taxonomy":"post_tag","embeddable":true,"href":"https:\/\/radiowebmx.com\/nota\/wp-json\/wp\/v2\/tags?post=3563"}],"curies":[{"name":"wp","href":"https:\/\/api.w.org\/{rel}","templated":true}]}}