{"id":35569,"date":"2017-05-10T12:31:39","date_gmt":"2017-05-10T17:31:39","guid":{"rendered":"https:\/\/radiowebmx.com\/nota\/?p=35569"},"modified":"2017-05-10T13:23:22","modified_gmt":"2017-05-10T18:23:22","slug":"secretaria-de-turismo-de-morelia-promueve-talleres-de-gestion-de-recursos-federales","status":"publish","type":"post","link":"https:\/\/radiowebmx.com\/nota\/secretaria-de-turismo-de-morelia-promueve-talleres-de-gestion-de-recursos-federales\/","title":{"rendered":"Secretar\u00eda de Turismo de Morelia promueve talleres de gesti\u00f3n de recursos Federales"},"content":{"rendered":"<p><a href=\"https:\/\/radiowebmx.com\/nota\/wp-content\/uploads\/2017\/05\/c0626cb0-9040-49b8-91c4-9e5b1c959944.jpeg\"><img loading=\"lazy\" decoding=\"async\" class=\"alignnone size-medium wp-image-35570\" src=\"https:\/\/radiowebmx.com\/nota\/wp-content\/uploads\/2017\/05\/c0626cb0-9040-49b8-91c4-9e5b1c959944-595x446.jpeg\" alt=\"\" width=\"595\" height=\"446\" srcset=\"https:\/\/radiowebmx.com\/nota\/wp-content\/uploads\/2017\/05\/c0626cb0-9040-49b8-91c4-9e5b1c959944-595x446.jpeg 595w, https:\/\/radiowebmx.com\/nota\/wp-content\/uploads\/2017\/05\/c0626cb0-9040-49b8-91c4-9e5b1c959944.jpeg 709w\" sizes=\"auto, (max-width: 595px) 100vw, 595px\" \/><\/a><\/p>\n<p>&nbsp;<\/p>\n<p>Con el firme objetivo de continuar promoviendo el desarrollo y el fortalecimiento del sector tur\u00edstico de la ciudad, el Ayuntamiento de Morelia a trav\u00e9s de su Secretar\u00eda de Turismo, llev\u00f3 a cabo ante empresarios morelianos el taller \u201cGesti\u00f3n de recursos Federales para el Sector Tur\u00edstico de M\u00e9xico\u201d ante el Instituto Nacional del Emprendedor (INADEM).<\/p>\n<p>Dicho taller fue impartido por la Consultor\u00eda Nacional del Sector Turismo de M\u00e9xico (CONSETUR) como resultado de los convenios establecidos durante el pasado Tianguis Tur\u00edstico de Acapulco, entre la SECTUR Morelia y CONSETUR, para que se conozcan las acciones tendientes a mejorar la calidad y experiencia de los turistas y visitantes a trav\u00e9s de los prestadores de servicios.<\/p>\n<p>De esta manera se dio a conocer el proceso de integraci\u00f3n de informaci\u00f3n necesaria para acceder a los recursos p\u00fablicos federales otorgados por las instancias de gobierno, primordialmente el INADEM a trav\u00e9s de los programas denominados Programa Integral de Apoyo a la Competitividad y Proyectos Integrales de Competitividad.<\/p>\n<p>En este taller estuvieron representantes de C\u00e1maras y asociaciones empresariales como COVECHI, CANAINPA, CANACO, Asociaci\u00f3n de Gu\u00edas de turistas de Michoac\u00e1n, Asociaci\u00f3n de Cerveceros Artesanales,\u00a0 Hoteleros de Morelia y la Asociaci\u00f3n de Tranv\u00edas quienes mostraron gran inter\u00e9s en conocer estos programas para destacar en temas de capacitaci\u00f3n, estrategias de promoci\u00f3n, desarrollo de aplicaciones electr\u00f3nicas y equipamiento.<\/p>\n<p>Estos trabajos dan continuidad a las acciones que el Ayuntamiento de Morelia lleva a cabo para mantener la inercia positiva en el sector tur\u00edstico que han arrojado los diversos periodos vacacionales durante esta administraci\u00f3n lo cual, ha permitido un trabajo vinculado con las diferentes C\u00e1maras y asociaciones empresariales de Morelia que han reconocido la recuperaci\u00f3n en materia de turismo.<\/p>\n","protected":false},"excerpt":{"rendered":"<p>&nbsp; Con el firme objetivo de continuar promoviendo el desarrollo y el fortalecimiento del sector tur\u00edstico de la ciudad, el Ayuntamiento de Morelia a trav\u00e9s de su Secretar\u00eda de Turismo, llev\u00f3 a cabo ante empresarios morelianos el taller \u201cGesti\u00f3n de recursos Federales para el Sector Tur\u00edstico de M\u00e9xico\u201d ante el Instituto Nacional del Emprendedor (INADEM). [&hellip;]<\/p>\n","protected":false},"author":2,"featured_media":35570,"comment_status":"closed","ping_status":"closed","sticky":false,"template":"","format":"standard","meta":{"footnotes":""},"categories":[14,9],"tags":[],"class_list":["post-35569","post","type-post","status-publish","format-standard","has-post-thumbnail","hentry","category-destacadas","category-morelia"],"_links":{"self":[{"href":"https:\/\/radiowebmx.com\/nota\/wp-json\/wp\/v2\/posts\/35569","targetHints":{"allow":["GET"]}}],"collection":[{"href":"https:\/\/radiowebmx.com\/nota\/wp-json\/wp\/v2\/posts"}],"about":[{"href":"https:\/\/radiowebmx.com\/nota\/wp-json\/wp\/v2\/types\/post"}],"author":[{"embeddable":true,"href":"https:\/\/radiowebmx.com\/nota\/wp-json\/wp\/v2\/users\/2"}],"replies":[{"embeddable":true,"href":"https:\/\/radiowebmx.com\/nota\/wp-json\/wp\/v2\/comments?post=35569"}],"version-history":[{"count":1,"href":"https:\/\/radiowebmx.com\/nota\/wp-json\/wp\/v2\/posts\/35569\/revisions"}],"predecessor-version":[{"id":35571,"href":"https:\/\/radiowebmx.com\/nota\/wp-json\/wp\/v2\/posts\/35569\/revisions\/35571"}],"wp:featuredmedia":[{"embeddable":true,"href":"https:\/\/radiowebmx.com\/nota\/wp-json\/wp\/v2\/media\/35570"}],"wp:attachment":[{"href":"https:\/\/radiowebmx.com\/nota\/wp-json\/wp\/v2\/media?parent=35569"}],"wp:term":[{"taxonomy":"category","embeddable":true,"href":"https:\/\/radiowebmx.com\/nota\/wp-json\/wp\/v2\/categories?post=35569"},{"taxonomy":"post_tag","embeddable":true,"href":"https:\/\/radiowebmx.com\/nota\/wp-json\/wp\/v2\/tags?post=35569"}],"curies":[{"name":"wp","href":"https:\/\/api.w.org\/{rel}","templated":true}]}}