{"id":35547,"date":"2017-05-09T10:54:46","date_gmt":"2017-05-09T15:54:46","guid":{"rendered":"https:\/\/radiowebmx.com\/nota\/?p=35547"},"modified":"2017-05-09T10:54:46","modified_gmt":"2017-05-09T15:54:46","slug":"temas-de-cafe-666","status":"publish","type":"post","link":"https:\/\/radiowebmx.com\/nota\/temas-de-cafe-666\/","title":{"rendered":"TEMAS DE CAF\u00c9"},"content":{"rendered":"<ul>\n<li>\u00bfCAMBIARLE EL NOMBRE AL PRI?<\/li>\n<li>ENCUESTAS PARA TODOS GUSTOS<\/li>\n<li>OSORIO POR DEJAR GOBERNACION<\/li>\n<li>MORENA DECLINARIA POR ZEPEDA<\/li>\n<\/ul>\n<p>Por Juan Manuel BELMONTE<\/p>\n<p>Trascendieron algunos comentarios en los Pinos, de que quieren volver a cambiarle de nombre al PRI, lo cual no ser\u00eda cosa del otro mundo ya que el PRI ha cambiado,\u00a0 por lo menos en dos ocasiones de nombre ya que como la mayor\u00eda de la gente sabe, el PRI actual naci\u00f3 como PNR en 1929 el Partido Nacional Revolucionario, ante el llamado de Plutarco El\u00edas Calles aglutinando a cientos de partidos, estatales y nacionales\u00a0 as\u00ed naci\u00f3 el PNR y su primer candidato a la presidencia fue el michoacano Pascual Ortiz Rubio, a\u00f1os m\u00e1s tarde el general L\u00e1zaro C\u00e1rdenas del R\u00edo, el 30 de marzo de 1938 el tambi\u00e9n michoacano le cambi\u00f3 de nombre, y pas\u00f3 a llamarse\u00a0 Partido de la Revoluci\u00f3n Mexicana y a\u00f1os m\u00e1s tarde el general Manuel Avila Camacho, volvi\u00f3 a cambiarle el nombre el 18 de enero de 1946, desde entonces es el Partido\u00a0 Revolucionario Institucional, ahora Enrique Pe\u00f1a Nieto intenta volver a cambiarle \u00a0de nombre, ya que sus asesores consideran que el PRI ya ni es revolucionario ni institucional, debe adecuarse a los nuevos tiempos que se viven.<\/p>\n<p>EL PRI COMO PARTIDO NO ESTA DEL TODO MAL<\/p>\n<p>Antes de que iniciaran las campa\u00f1as en el estado de M\u00e9xico, Coahuila, Nayarit y Veracruz el PRI como partido siempre se mantuvo, en los primeros lugares ya cuando le agregaban el nombre, de los candidatos a veces sub\u00edan y en otras ocasiones bajaban, ahora bien quienes han echado a perder las siglas del PRI, han sido los\u00a0 hombres y como en los \u00faltimos a\u00f1os, en s\u00ed el PRI ya no ha sido\u00a0 un plus en las campa\u00f1as, al contrario en algunos casos han tenido que reducir las siglas del PRI.<\/p>\n<p>La primera vez que vimos las siglas del PRI casi perdidas, fue en la campa\u00f1a de Luis Donaldo Colosio, es m\u00e1s ni los colores del PRI se manejaban mucho, y as\u00ed sucedi\u00f3 en casi\u00a0 todas las campa\u00f1as para presidentes, y en la mayor\u00eda de las campa\u00f1as para gobernadores en los estados, porque antes bastaba que fueran candidatos del PRI, para que tuvieran\u00a0 garantizado el triunfo despu\u00e9s ya no, fue cuando se empezaron\u00a0 a reducir las siglas del PRI, las ubicaban en un rinc\u00f3n y los colores patrios, tambi\u00e9n empezaron a reducirse en las campa\u00f1as.<\/p>\n<p>Por eso creemos que el hu\u00e9sped de Los Pinos tratando de borrar de la mente de los mexicanos, las \u00faltimas historias donde han sido encontrados culpables varios gobernadores del PRI, piensa en desaparecer desde las siglas hasta \u00a0los colores, por lo cual deber\u00e1 ser todo un trabajo para los expertos en neuro marketing, mercadotecnia, dise\u00f1o\u00a0 y varias especialidades m\u00e1s, para que el nuevo logo responda a las necesidades de hoy.<\/p>\n<p>MANLIO POR UNA REFORMA ESTRUCTURAL<\/p>\n<p>Desde luego esta idea de la presidencia de la rep\u00fablica, no\u00a0 cuenta con todo el apoyo principalmente de la clase pol\u00edtica tradicional, mientras que los j\u00f3venes asesores de la presidencia consideran necesario ese cambio, los priistas tradicionales encabezados por Manlio Fabio Beltrones, consideran que esto no es necesario, porque parece m\u00e1s bien solamente un cambio cosm\u00e9tico.<\/p>\n<p>Antes debe hacerse una reforma pol\u00edtica que considere las coaliciones, para que no haya gobiernos con una aceptaci\u00f3n de un 30 por ciento, y de no avanzar esta propuesta que Manlio ya ha expuesto en varios foros, se tendr\u00eda que ir necesariamente por la segunda vuelta electoral, que se practica en varios pa\u00edses, lo volvimos a ver nuevamente en las elecciones en Francia.<\/p>\n<p>OSORIO CHONG POR DEJAR GOBERNACION<\/p>\n<p>Otro comentario que ha llamado la atenci\u00f3n es de que Miguel Angel Osorio Chong, dejar\u00eda la titularidad de la Secretaria de Gobernaci\u00f3n, en estos d\u00edas y todos pensar\u00edamos que ser\u00eda para concentrarse, en los trabajos para su candidatura \u00a0a la presidencia de M\u00e9xico, toda vez \u00a0que es el funcionario que mejor aparece, en las encuestas pero no, se ha dicho que Osorio Chong ir\u00eda como candidato al senado de la rep\u00fablica, para poder dirigir la bancada tricolor en la pr\u00f3xima administraci\u00f3n federal, y para cuidarle las espaldas al presidente Pe\u00f1a Nieto. Esto no se ha confirmado hasta ahora es solamente un rumor.<\/p>\n<p>MORENA DECLINARIA POR ZEPEDA EN EDOMEX<\/p>\n<p>Otro comentario que empez\u00f3 en las redes sociales fue, de que este d\u00eda se reunir\u00edan quienes mandan en Morena, en el Estado de M\u00e9xico y\u00a0 en el PRD con la idea de que Delfina, deje de ser la candidata de Morena al gobierno del estado de M\u00e9xico,\u00a0 y declinar\u00eda\u00a0 por Juan Zepeda candidato del PRD al gobierno estatal, eso permitir\u00eda concretar lo que ha pedido Amlo, de que las izquierdas vayan con \u00e9l para la presidencia de M\u00e9xico el a\u00f1o entrante.<\/p>\n<p>Claro que este comentario es dif\u00edcil de creer porque todav\u00eda hace d\u00edas, Delfina encabezaba algunas encuestas y le pidi\u00f3 a Juan que declinara por ella, pero Zepeda fue claro en la respuesta ya que dijo, que preferir\u00eda declinar por el PRI o el PAN pero nunca por Delfina, la candidata de Morena por eso m\u00e1s bien parece un comentario fuera de la realidad, pero hemos aprendido que para la pol\u00edtica nada es imposible.<\/p>\n<p>PRD, PT Y MOVIMIENTO CON MORENA PARA EL 18<\/p>\n<p>Imagine usted que todo esto tenga fundamento, generar\u00eda una serie de movimientos como en un tablero de ajedrez, porque si las izquierdas can unidas\u00a0 en el proceso electoral del a\u00f1o entrante, entonces s\u00ed podr\u00eda Amlo convertirse en un peligro para el PRI, qui\u00e9n sabe si para M\u00e9xico pero desde luego que para el PRI s\u00ed, aunque desde luego esta jugada obligar\u00eda a varios partidos de derecha, y centro a buscar alianzas y tendr\u00edamos que ir, a un proceso electoral sin precedentes en M\u00e9xico.<\/p>\n<p>PRI, PAN, VERDE, ALIANZA\u00a0 Y EL PES<\/p>\n<p>En el caso hipot\u00e9tico que los partidos de izquierda se unieran, obligar\u00eda a que los partidos de derecha y centro tambi\u00e9n lo hicieran, porque obviamente no se iban a quedar con las manos cruzadas, as\u00ed tendr\u00edamos que ver las alianzas entre el PRI, con el PAN, el Verde Ecologista, as\u00ed como el Partido Nueva Alianza y como est\u00e1n hoy las cosas, tendr\u00edamos un proceso electoral sumamente atractivo que seguramente, se podr\u00eda llegar a una participaci\u00f3n ciudadana cercana al 80 por ciento.<\/p>\n<p>HAY ENCUESTAS PARA TODOS LOS GUSTOS<\/p>\n<p>Por esto es que las encuestas han perdido credibilidad, porque actualmente hay para todos los gustos y siempre hemos pensado, que hay dos clases de encuestas una para\u00a0 presumirlas, y otras para tomar ciertas medidas y corregir errores,\u00a0 aparte de quien paga las encuestas siempre tienen la\u00a0 posibilidad,\u00a0 de encabezarlas y justamente esto es lo que sucede en la elecci\u00f3n en el estado de M\u00e9xico.<\/p>\n<p>Hay encuestadoras que son pagadas por algunos portales informativos, que son de abiertamente simpatizantes con Amlo\u00a0 y Morena, y en esas encuestas los candidatos de Morena siempre salen muy bien, mientras que hay\u00a0 encuestas como las realizadas por Reforma, que siempre favorecen a Delfina en el estado de M\u00e9xico.<\/p>\n<p>Mientras que las encuestas del Universal siempre favorecen, a Alfredo del Mazo nada m\u00e1s que la ventaja es mucho menor, mientas que las encuestas que publica La Raz\u00f3n, que hace Blanco y Asociados tambi\u00e9n ubican al candidato del PRI, en los primeros lugares, pero sin las ventajas de 15 puntos que publican portales como SDP, que significa Sobre el en Sendero del Peje.<\/p>\n<p>Por esto es que las encuestas perdieron toda credibilidad,\u00a0 de cualquier forma son parte importante de las campa\u00f1as electorales, pero de debe entender que las encuestas\u00a0 nunca, han ganado una elecci\u00f3n y que la plazas llenas tampoco llenan las urnas.<\/p>\n<p>OTRA VEZ LA INSEGURIDAD AFECTA A MORELIA<\/p>\n<p>Por la necedad del alcalde independiente Alfonso Mart\u00ednez, al no querer coordinarse con el gobierno del estado, en materia de seguridad los morelianos otra vez se han visto afectados, llam\u00f3 la atenci\u00f3n un\u00a0 hombre con discapacidad que fue asesinado, al negarse a entregar sus pertenencias y las llaves de su auto, a los delincuentes quienes lo mataron as\u00ed como los robos de veh\u00edculos, con violencia como el que se registr\u00f3 ayer en el centro, en las calles Gonzalo Bocanegra y Antonio Alzate o el asalto por un taxista, en la colonia Cuauht\u00e9moc de esta ciudad. La polic\u00eda de Alfonso ni cuida el centro hist\u00f3rico ni las colonias. Y as\u00ed quiere reelegirse.<\/p>\n","protected":false},"excerpt":{"rendered":"<p>\u00bfCAMBIARLE EL NOMBRE AL PRI? ENCUESTAS PARA TODOS GUSTOS OSORIO POR DEJAR GOBERNACION MORENA DECLINARIA POR ZEPEDA Por Juan Manuel BELMONTE Trascendieron algunos comentarios en los Pinos, de que quieren volver a cambiarle de nombre al PRI, lo cual no ser\u00eda cosa del otro mundo ya que el PRI ha cambiado,\u00a0 por lo menos en [&hellip;]<\/p>\n","protected":false},"author":2,"featured_media":0,"comment_status":"closed","ping_status":"closed","sticky":false,"template":"","format":"standard","meta":{"footnotes":""},"categories":[4,10],"tags":[],"class_list":["post-35547","post","type-post","status-publish","format-standard","hentry","category-columnistas","category-juan-manuel-belmonte"],"_links":{"self":[{"href":"https:\/\/radiowebmx.com\/nota\/wp-json\/wp\/v2\/posts\/35547","targetHints":{"allow":["GET"]}}],"collection":[{"href":"https:\/\/radiowebmx.com\/nota\/wp-json\/wp\/v2\/posts"}],"about":[{"href":"https:\/\/radiowebmx.com\/nota\/wp-json\/wp\/v2\/types\/post"}],"author":[{"embeddable":true,"href":"https:\/\/radiowebmx.com\/nota\/wp-json\/wp\/v2\/users\/2"}],"replies":[{"embeddable":true,"href":"https:\/\/radiowebmx.com\/nota\/wp-json\/wp\/v2\/comments?post=35547"}],"version-history":[{"count":1,"href":"https:\/\/radiowebmx.com\/nota\/wp-json\/wp\/v2\/posts\/35547\/revisions"}],"predecessor-version":[{"id":35548,"href":"https:\/\/radiowebmx.com\/nota\/wp-json\/wp\/v2\/posts\/35547\/revisions\/35548"}],"wp:attachment":[{"href":"https:\/\/radiowebmx.com\/nota\/wp-json\/wp\/v2\/media?parent=35547"}],"wp:term":[{"taxonomy":"category","embeddable":true,"href":"https:\/\/radiowebmx.com\/nota\/wp-json\/wp\/v2\/categories?post=35547"},{"taxonomy":"post_tag","embeddable":true,"href":"https:\/\/radiowebmx.com\/nota\/wp-json\/wp\/v2\/tags?post=35547"}],"curies":[{"name":"wp","href":"https:\/\/api.w.org\/{rel}","templated":true}]}}