{"id":35520,"date":"2017-05-08T19:56:23","date_gmt":"2017-05-09T00:56:23","guid":{"rendered":"https:\/\/radiowebmx.com\/nota\/?p=35520"},"modified":"2017-05-09T10:12:53","modified_gmt":"2017-05-09T15:12:53","slug":"telebachillerato-y-suttebam-continuan-revision-contractual","status":"publish","type":"post","link":"https:\/\/radiowebmx.com\/nota\/telebachillerato-y-suttebam-continuan-revision-contractual\/","title":{"rendered":"Telebachillerato y Suttebam contin\u00faan revisi\u00f3n contractual"},"content":{"rendered":"<p><a href=\"https:\/\/radiowebmx.com\/nota\/wp-content\/uploads\/2017\/05\/00960c41-4c44-4ead-934f-19dca421bb02.jpeg\"><img loading=\"lazy\" decoding=\"async\" src=\"https:\/\/radiowebmx.com\/nota\/wp-content\/uploads\/2017\/05\/00960c41-4c44-4ead-934f-19dca421bb02-595x427.jpeg\" alt=\"\" width=\"595\" height=\"427\" class=\"alignnone size-medium wp-image-35521\" srcset=\"https:\/\/radiowebmx.com\/nota\/wp-content\/uploads\/2017\/05\/00960c41-4c44-4ead-934f-19dca421bb02-595x427.jpeg 595w, https:\/\/radiowebmx.com\/nota\/wp-content\/uploads\/2017\/05\/00960c41-4c44-4ead-934f-19dca421bb02.jpeg 709w\" sizes=\"auto, (max-width: 595px) 100vw, 595px\" \/><\/a><\/p>\n<p>Morelia, Michoac\u00e1n, a 8 de mayo de 2017.- Con la finalidad de dar continuidad a la revisi\u00f3n contractual, el director general del Telebachillerato Michoac\u00e1n, Juan Carlos Barrag\u00e1n V\u00e9lez, se reuni\u00f3 con el secretario general del Sindicato \u00danico de Trabajadores del Telebachillerato Michoac\u00e1n (Suttebam), Silviano Paredes Correa.<\/p>\n<p>Al respecto, el funcionario estatal destac\u00f3 que desde su llegada al subsistema ha mantenido el di\u00e1logo y el acercamiento con la base sindical, teniendo como objetivo mejorar las condiciones laborales de las y los trabajadores, tal y como lo ha instruido el Gobernador Silvano Aureoles Conejo.<\/p>\n<p>Respecto a la revisi\u00f3n contractual, se\u00f1al\u00f3 que ya han tenido varias reuniones con el Sutttebam, teniendo siempre como objetivo lograr acuerdos que est\u00e9n al alcance de la instituci\u00f3n.<\/p>\n<p>Barrag\u00e1n V\u00e9lez explic\u00f3 que durante la mesa de trabajo se revisaron una serie de planteamientos para mejorar las condiciones laborales de la plantilla de los docentes, para llegar a acuerdos que favorezcan al desarrollo del Telebachillerato.<\/p>\n","protected":false},"excerpt":{"rendered":"<p>Morelia, Michoac\u00e1n, a 8 de mayo de 2017.- Con la finalidad de dar continuidad a la revisi\u00f3n contractual, el director general del Telebachillerato Michoac\u00e1n, Juan Carlos Barrag\u00e1n V\u00e9lez, se reuni\u00f3 con el secretario general del Sindicato \u00danico de Trabajadores del Telebachillerato Michoac\u00e1n (Suttebam), Silviano Paredes Correa. Al respecto, el funcionario estatal destac\u00f3 que desde su [&hellip;]<\/p>\n","protected":false},"author":2,"featured_media":35521,"comment_status":"closed","ping_status":"closed","sticky":false,"template":"","format":"standard","meta":{"footnotes":""},"categories":[14,3],"tags":[],"class_list":["post-35520","post","type-post","status-publish","format-standard","has-post-thumbnail","hentry","category-destacadas","category-gobierno-del-estado-de-michoacan"],"_links":{"self":[{"href":"https:\/\/radiowebmx.com\/nota\/wp-json\/wp\/v2\/posts\/35520","targetHints":{"allow":["GET"]}}],"collection":[{"href":"https:\/\/radiowebmx.com\/nota\/wp-json\/wp\/v2\/posts"}],"about":[{"href":"https:\/\/radiowebmx.com\/nota\/wp-json\/wp\/v2\/types\/post"}],"author":[{"embeddable":true,"href":"https:\/\/radiowebmx.com\/nota\/wp-json\/wp\/v2\/users\/2"}],"replies":[{"embeddable":true,"href":"https:\/\/radiowebmx.com\/nota\/wp-json\/wp\/v2\/comments?post=35520"}],"version-history":[{"count":1,"href":"https:\/\/radiowebmx.com\/nota\/wp-json\/wp\/v2\/posts\/35520\/revisions"}],"predecessor-version":[{"id":35522,"href":"https:\/\/radiowebmx.com\/nota\/wp-json\/wp\/v2\/posts\/35520\/revisions\/35522"}],"wp:featuredmedia":[{"embeddable":true,"href":"https:\/\/radiowebmx.com\/nota\/wp-json\/wp\/v2\/media\/35521"}],"wp:attachment":[{"href":"https:\/\/radiowebmx.com\/nota\/wp-json\/wp\/v2\/media?parent=35520"}],"wp:term":[{"taxonomy":"category","embeddable":true,"href":"https:\/\/radiowebmx.com\/nota\/wp-json\/wp\/v2\/categories?post=35520"},{"taxonomy":"post_tag","embeddable":true,"href":"https:\/\/radiowebmx.com\/nota\/wp-json\/wp\/v2\/tags?post=35520"}],"curies":[{"name":"wp","href":"https:\/\/api.w.org\/{rel}","templated":true}]}}