{"id":35504,"date":"2017-05-08T15:15:44","date_gmt":"2017-05-08T20:15:44","guid":{"rendered":"https:\/\/radiowebmx.com\/nota\/?p=35504"},"modified":"2017-05-09T09:58:28","modified_gmt":"2017-05-09T14:58:28","slug":"alfonso-martinez-presente-en-la-ceremonia-del-cclxiv-aniversario-del-natalicio-de-miguel-hidalgo","status":"publish","type":"post","link":"https:\/\/radiowebmx.com\/nota\/alfonso-martinez-presente-en-la-ceremonia-del-cclxiv-aniversario-del-natalicio-de-miguel-hidalgo\/","title":{"rendered":"Alfonso Mart\u00ednez, presente en la Ceremonia del CCLXIV Aniversario del Natalicio de Miguel Hidalgo"},"content":{"rendered":"<p><a href=\"https:\/\/radiowebmx.com\/nota\/wp-content\/uploads\/2017\/05\/95f2a50d-3d7c-445b-9790-233ee65fe7c9.jpeg\"><img loading=\"lazy\" decoding=\"async\" src=\"https:\/\/radiowebmx.com\/nota\/wp-content\/uploads\/2017\/05\/95f2a50d-3d7c-445b-9790-233ee65fe7c9-595x316.jpeg\" alt=\"\" width=\"595\" height=\"316\" class=\"alignnone size-medium wp-image-35505\" srcset=\"https:\/\/radiowebmx.com\/nota\/wp-content\/uploads\/2017\/05\/95f2a50d-3d7c-445b-9790-233ee65fe7c9-595x316.jpeg 595w, https:\/\/radiowebmx.com\/nota\/wp-content\/uploads\/2017\/05\/95f2a50d-3d7c-445b-9790-233ee65fe7c9.jpeg 709w\" sizes=\"auto, (max-width: 595px) 100vw, 595px\" \/><\/a><\/p>\n<p>Con el objetivo de recordar a uno de los pr\u00f3ceres independentistas m\u00e1s destacados del pa\u00eds, el Presidente Municipal, Alfonso Mart\u00ednez Alc\u00e1zar, acudi\u00f3 este lunes a la Ceremonia del CCLXIV Aniversario del Natalicio del Padre de la Patria, Don Miguel Hidalgo y Costilla, que se llev\u00f3 a cabo en el Colegio Primitivo y Nacional de San Nicol\u00e1s de Hidalgo.<\/p>\n<p>En el evento que estuvo encabezado por el Secretario de Gobierno, Adri\u00e1n L\u00f3pez Sol\u00eds; el Rector de la Universidad Michoacana de San Nicol\u00e1s de Hidalgo, Medardo Serna Gonz\u00e1lez; el Presidente del Congreso del Estado, Pascual Sigala P\u00e1ez; el Presidente del Supremo Tribunal de Justicia de Michoac\u00e1n, Marco Antonio Flores Negrete; as\u00ed como el Secretario de Educaci\u00f3n Estatal, Alberto Frutis Sol\u00eds; el Relator sobre Defensores y Defensoras de los Derechos Humanos de la Comisi\u00f3n Interamericana de Derechos Humanos, Jos\u00e9 de Jes\u00fas Orozco Henr\u00edquez, al fungir como orador oficial, destac\u00f3 la vida y obra del Padre de la Patria.<\/p>\n<p>Frente a ex rectores de la M\u00e1xima Casa de Estudios de la entidad, profesores y estudiantes, rememor\u00f3 que Miguel Hidalgo y Costilla fue una pieza elemental en la consolidaci\u00f3n del Colegio de San Nicol\u00e1s de Hidalgo, donde se desempe\u00f1\u00f3 como estudiante, catedr\u00e1tico, Vicerrector, Tesorero y finalmente en 1790, Rector de dicha instituci\u00f3n.<\/p>\n<p>Asimismo, Orozco Henr\u00edquez, aprovech\u00f3 la tribuna para enfatizar que la Universidad Michoacana de San Nicol\u00e1s de Hidalgo ha resaltado a nivel nacional por contribuir tanto al desarrollo cultural y a la formaci\u00f3n de caudillos, h\u00e9roes y prominentes hombres de ciencia, intelectuales y patriotas, como es el caso del Curato de Hidalgo.<\/p>\n<p>Posteriormente hicieron uso de la voz el Regente del Colegio Primitivo y Nacional de San Nicol\u00e1s de Hidalgo, Aldo Ulises Olmedo Castillo; el representante de los estudiantes del Colegio Primitivo y Nacional de San Nicol\u00e1s de Hidalgo, Jos\u00e9 Dar\u00edo Calder\u00f3n Guti\u00e9rrez; as\u00ed como Alejandro Ch\u00e1vez Pe\u00f1a, en representaci\u00f3n del Consejo Estudiantil Nicolaita, quienes tras resaltar la labor del l\u00edder independentista coincidieron en se\u00f1alar la necesidad de retomar los valores y principios postulados por Miguel Hidalgo y retomar la unidad nicolaita.<\/p>\n<p>Es de mencionar, que previo al acto, el Alcalde, Alfonso Mart\u00ednez, presenci\u00f3 la develaci\u00f3n del busto del Padre de la Patria dentro del Colegio Primitivo de San Nicol\u00e1s, el cual elabor\u00f3 el maestro Jos\u00e9 Luis Padilla Retana, como resultado de la aportaci\u00f3n de la comunidad universitaria y la cual adem\u00e1s se efectu\u00f3 en el marco del Centenario de la m\u00e1xima casa de estudios.<\/p>\n","protected":false},"excerpt":{"rendered":"<p>Con el objetivo de recordar a uno de los pr\u00f3ceres independentistas m\u00e1s destacados del pa\u00eds, el Presidente Municipal, Alfonso Mart\u00ednez Alc\u00e1zar, acudi\u00f3 este lunes a la Ceremonia del CCLXIV Aniversario del Natalicio del Padre de la Patria, Don Miguel Hidalgo y Costilla, que se llev\u00f3 a cabo en el Colegio Primitivo y Nacional de San [&hellip;]<\/p>\n","protected":false},"author":2,"featured_media":35505,"comment_status":"closed","ping_status":"closed","sticky":false,"template":"","format":"standard","meta":{"footnotes":""},"categories":[14,9],"tags":[],"class_list":["post-35504","post","type-post","status-publish","format-standard","has-post-thumbnail","hentry","category-destacadas","category-morelia"],"_links":{"self":[{"href":"https:\/\/radiowebmx.com\/nota\/wp-json\/wp\/v2\/posts\/35504","targetHints":{"allow":["GET"]}}],"collection":[{"href":"https:\/\/radiowebmx.com\/nota\/wp-json\/wp\/v2\/posts"}],"about":[{"href":"https:\/\/radiowebmx.com\/nota\/wp-json\/wp\/v2\/types\/post"}],"author":[{"embeddable":true,"href":"https:\/\/radiowebmx.com\/nota\/wp-json\/wp\/v2\/users\/2"}],"replies":[{"embeddable":true,"href":"https:\/\/radiowebmx.com\/nota\/wp-json\/wp\/v2\/comments?post=35504"}],"version-history":[{"count":1,"href":"https:\/\/radiowebmx.com\/nota\/wp-json\/wp\/v2\/posts\/35504\/revisions"}],"predecessor-version":[{"id":35506,"href":"https:\/\/radiowebmx.com\/nota\/wp-json\/wp\/v2\/posts\/35504\/revisions\/35506"}],"wp:featuredmedia":[{"embeddable":true,"href":"https:\/\/radiowebmx.com\/nota\/wp-json\/wp\/v2\/media\/35505"}],"wp:attachment":[{"href":"https:\/\/radiowebmx.com\/nota\/wp-json\/wp\/v2\/media?parent=35504"}],"wp:term":[{"taxonomy":"category","embeddable":true,"href":"https:\/\/radiowebmx.com\/nota\/wp-json\/wp\/v2\/categories?post=35504"},{"taxonomy":"post_tag","embeddable":true,"href":"https:\/\/radiowebmx.com\/nota\/wp-json\/wp\/v2\/tags?post=35504"}],"curies":[{"name":"wp","href":"https:\/\/api.w.org\/{rel}","templated":true}]}}