{"id":35500,"date":"2017-05-08T13:27:24","date_gmt":"2017-05-08T18:27:24","guid":{"rendered":"https:\/\/radiowebmx.com\/nota\/?p=35500"},"modified":"2017-05-08T14:13:03","modified_gmt":"2017-05-08T19:13:03","slug":"lleva-sicdet-la-caravana-de-la-ciencia-a-tacambaro","status":"publish","type":"post","link":"https:\/\/radiowebmx.com\/nota\/lleva-sicdet-la-caravana-de-la-ciencia-a-tacambaro\/","title":{"rendered":"Lleva SICDET la Caravana de la Ciencia a Tac\u00e1mbaro"},"content":{"rendered":"<p><a href=\"https:\/\/radiowebmx.com\/nota\/wp-content\/uploads\/2017\/05\/f0792bbb-be1b-476b-b399-0c0597344a6e.jpg\"><img loading=\"lazy\" decoding=\"async\" src=\"https:\/\/radiowebmx.com\/nota\/wp-content\/uploads\/2017\/05\/f0792bbb-be1b-476b-b399-0c0597344a6e-595x355.jpg\" alt=\"\" width=\"595\" height=\"355\" class=\"alignnone size-medium wp-image-35501\" srcset=\"https:\/\/radiowebmx.com\/nota\/wp-content\/uploads\/2017\/05\/f0792bbb-be1b-476b-b399-0c0597344a6e-595x355.jpg 595w, https:\/\/radiowebmx.com\/nota\/wp-content\/uploads\/2017\/05\/f0792bbb-be1b-476b-b399-0c0597344a6e.jpg 709w\" sizes=\"auto, (max-width: 595px) 100vw, 595px\" \/><\/a><\/p>\n<p>Tac\u00e1mbaro, Michoac\u00e1n, a 8 de mayo de 2017.- Adem\u00e1s de su presencia diaria en la Expo Fiesta Michoac\u00e1n 2017, la Caravana de la Ciencia hizo presencia este lunes en este Pueblo M\u00e1gico.<\/p>\n<p>El titular de la Secretar\u00eda de Innovaci\u00f3n, Ciencia y Desarrollo Tecnol\u00f3gico (SICDET), Jos\u00e9 Luis Monta\u00f1ez Espinosa, coment\u00f3 que este museo itinerante se instal\u00f3 en la plaza principal, a donde acudieron estudiantes de las diversas primarias del municipio.<\/p>\n<p>En esta ocasi\u00f3n la Caravana se present\u00f3 con la Burbuciencia: una sala de cine inflable que ofrece a los visitantes cortos documentales en tercera dimensi\u00f3n, con temas variados, como los dinosaurios, monstruos marinos, el espacio exterior, entre otros.<\/p>\n<p>Tambi\u00e9n se present\u00f3 el Tr\u00e1iler de la Ciencia, un ciber sal\u00f3n de juegos did\u00e1cticos que invita a los peque\u00f1os a aplicar sus habilidades en diversos niveles de conocimientos acordes a sus grados escolares; por ejemplo, aplican la l\u00f3gica en retos con figuras o los conocimientos matem\u00e1ticos en juegos con sumas, restas y divisiones; o temas de f\u00edsica en juegos relacionados con pesos y poleas, etc\u00e9tera.<\/p>\n<p>Otro componente permanente de la Caravana, que se present\u00f3 tambi\u00e9n en Tac\u00e1mbaro, es el \u00e1rea de Talleres de Ciencia Interactivos, donde estudiantes de nivel superior ofrecen a los alumnos de primaria y p\u00fablico en general un acercamiento a la ciencia b\u00e1sica en rubros diversos, como hidr\u00e1ulica, electricidad, astronom\u00eda, rob\u00f3tica, qu\u00edmica y biolog\u00eda, entre otras.<\/p>\n<p>La Caravana de la Ciencia saldr\u00e1 nuevamente al interior del estado el pr\u00f3ximo 17 de mayo para presentarse en el municipio de \u00c1lvaro Obreg\u00f3n, y el 18 y 19 de mayo en Los Reyes.<\/p>\n","protected":false},"excerpt":{"rendered":"<p>Tac\u00e1mbaro, Michoac\u00e1n, a 8 de mayo de 2017.- Adem\u00e1s de su presencia diaria en la Expo Fiesta Michoac\u00e1n 2017, la Caravana de la Ciencia hizo presencia este lunes en este Pueblo M\u00e1gico. El titular de la Secretar\u00eda de Innovaci\u00f3n, Ciencia y Desarrollo Tecnol\u00f3gico (SICDET), Jos\u00e9 Luis Monta\u00f1ez Espinosa, coment\u00f3 que este museo itinerante se instal\u00f3 [&hellip;]<\/p>\n","protected":false},"author":2,"featured_media":35501,"comment_status":"closed","ping_status":"closed","sticky":false,"template":"","format":"standard","meta":{"footnotes":""},"categories":[14,3],"tags":[],"class_list":["post-35500","post","type-post","status-publish","format-standard","has-post-thumbnail","hentry","category-destacadas","category-gobierno-del-estado-de-michoacan"],"_links":{"self":[{"href":"https:\/\/radiowebmx.com\/nota\/wp-json\/wp\/v2\/posts\/35500","targetHints":{"allow":["GET"]}}],"collection":[{"href":"https:\/\/radiowebmx.com\/nota\/wp-json\/wp\/v2\/posts"}],"about":[{"href":"https:\/\/radiowebmx.com\/nota\/wp-json\/wp\/v2\/types\/post"}],"author":[{"embeddable":true,"href":"https:\/\/radiowebmx.com\/nota\/wp-json\/wp\/v2\/users\/2"}],"replies":[{"embeddable":true,"href":"https:\/\/radiowebmx.com\/nota\/wp-json\/wp\/v2\/comments?post=35500"}],"version-history":[{"count":1,"href":"https:\/\/radiowebmx.com\/nota\/wp-json\/wp\/v2\/posts\/35500\/revisions"}],"predecessor-version":[{"id":35502,"href":"https:\/\/radiowebmx.com\/nota\/wp-json\/wp\/v2\/posts\/35500\/revisions\/35502"}],"wp:featuredmedia":[{"embeddable":true,"href":"https:\/\/radiowebmx.com\/nota\/wp-json\/wp\/v2\/media\/35501"}],"wp:attachment":[{"href":"https:\/\/radiowebmx.com\/nota\/wp-json\/wp\/v2\/media?parent=35500"}],"wp:term":[{"taxonomy":"category","embeddable":true,"href":"https:\/\/radiowebmx.com\/nota\/wp-json\/wp\/v2\/categories?post=35500"},{"taxonomy":"post_tag","embeddable":true,"href":"https:\/\/radiowebmx.com\/nota\/wp-json\/wp\/v2\/tags?post=35500"}],"curies":[{"name":"wp","href":"https:\/\/api.w.org\/{rel}","templated":true}]}}