{"id":35491,"date":"2017-05-08T13:33:07","date_gmt":"2017-05-08T18:33:07","guid":{"rendered":"https:\/\/radiowebmx.com\/nota\/?p=35491"},"modified":"2017-05-08T13:33:07","modified_gmt":"2017-05-08T18:33:07","slug":"falta-coordinacion-gubernamental-contra-incendios-forestales-roberto-carlos-lopez","status":"publish","type":"post","link":"https:\/\/radiowebmx.com\/nota\/falta-coordinacion-gubernamental-contra-incendios-forestales-roberto-carlos-lopez\/","title":{"rendered":"Falta coordinaci\u00f3n gubernamental contra incendios forestales: Roberto Carlos L\u00f3pez"},"content":{"rendered":"<p><a href=\"https:\/\/radiowebmx.com\/nota\/wp-content\/uploads\/2017\/05\/Comunicado-631.jpg\"><img loading=\"lazy\" decoding=\"async\" src=\"https:\/\/radiowebmx.com\/nota\/wp-content\/uploads\/2017\/05\/Comunicado-631-595x396.jpg\" alt=\"\" width=\"595\" height=\"396\" class=\"alignnone size-medium wp-image-35492\" srcset=\"https:\/\/radiowebmx.com\/nota\/wp-content\/uploads\/2017\/05\/Comunicado-631-595x396.jpg 595w, https:\/\/radiowebmx.com\/nota\/wp-content\/uploads\/2017\/05\/Comunicado-631.jpg 709w\" sizes=\"auto, (max-width: 595px) 100vw, 595px\" \/><\/a><\/p>\n<p>Morelia, Michoac\u00e1n, 05 de mayo de 2017.-  \u201cEs evidente la falta de coordinaci\u00f3n entre la Secretar\u00eda de Medio Ambiente, Recursos Naturales y Cambio Clim\u00e1tico (SEMARNACC) y la Comisi\u00f3n Forestal del Estado (COFOM) ante la falta de resultados en torno a los fuertes incendios registrados recientemente en el estado\u201d, se\u00f1al\u00f3 el diputado Roberto Carlos L\u00f3pez Garc\u00eda.<\/p>\n<p>El legislador tricolor present\u00f3, en sesi\u00f3n ordinaria, el posicionamiento, a nombre del Grupo Parlamentario del Partido Revolucionario Institucional, relativo a la Prevenci\u00f3n y Control de Incendios Forestales en Michoac\u00e1n.<\/p>\n<p>L\u00f3pez Garc\u00eda record\u00f3 que ante el reciente incendio del pasado mes de abril, en los Cerros del Tizate y de La Brecha del municipio de Ziracuaretiro, quedaron afectadas 60 hect\u00e1reas, donde se evidenci\u00f3 la opacidad del accionar de las instancias estatales, ya que se logr\u00f3 controlar el incendio gracias a las acciones coordinadas de la Comisi\u00f3n Nacional Forestal (CONAFOR) y la Polic\u00eda Federal, quienes apoyaron con un helic\u00f3ptero y una brigada de 14 elementos y, desde luego, con la participaci\u00f3n heroica de los ejidatarios y voluntarios.<\/p>\n<p>El diputado resalt\u00f3 que en este a\u00f1o, al mes de abril, se han producido ya 500 incendios con una superficie afectada de 7 mil hect\u00e1reas del territorio estatal, cuando a\u00fan faltan por llegar los meses m\u00e1s calurosos del a\u00f1o, por lo que lamentablemente se espera un importante n\u00famero de incendios.<\/p>\n<p>Roberto Carlos L\u00f3pez a\u00f1adi\u00f3 que lo que se pretende es evitar que se repitan casos como el del a\u00f1o pasado en Uruapan, donde el fuego consumi\u00f3 una superficie de 500 hect\u00e1reas de bosque en los Cerros de La Cruz y de Jical\u00e1n.<\/p>\n<p>Al respecto mencion\u00f3 que los integrantes del Grupo Parlamentario del Partido Revolucionario Institucional seguir\u00e1n insistiendo en este tema a trav\u00e9s de los exhortos al titular del Gobierno del Estado que se hicieron el a\u00f1o pasado para que lleve a cabo la investigaci\u00f3n de los incendios ocurridos en los municipios de Uruapan y Tanc\u00edtaro en abril del 2016. En tal sentido, resalt\u00f3 que a\u00fan no se ha dado respuesta a la solicitud del informe de las investigaciones realizadas en tales incendios.<\/p>\n<p>Cabe resaltar que en M\u00e9xico, los bosques y selvas cubren 55.3 millones de hect\u00e1reas, de las cuales 80 por ciento de la superficie forestal es propiedad ejidal y comunal, 15 por ciento propiedad privada y 5 por ciento es propiedad de la naci\u00f3n. El constante cambio de uso del suelo, con estimaciones sobre 600 mil hect\u00e1reas deforestadas al a\u00f1o, genera el 14 por ciento de los Gases Efecto Invernadero (GEI).<\/p>\n<p>Michoac\u00e1n, dijo, es uno de los cinco estados de la Rep\u00fablica mexicana m\u00e1s ricos en biodiversidad, al poseer un recurso forestal de 2.2 millones de hect\u00e1reas, equivalente al 44 por ciento de la superficie estatal. Es primer lugar en producci\u00f3n de resina de pino y en el n\u00famero de industrias forestales, sin embargo, tambi\u00e9n arrastra estad\u00edsticas nada agradables, como la tala clandestina, problem\u00e1tica que coloca a la entidad en primer lugar nacional; en deforestaci\u00f3n, que deja al estado en el segundo lugar nacional con 53 mil hect\u00e1reas anuales; y n\u00famero de incendios forestales, con el tercer lugar y cuarto lugar en cobertura en cuanto a la superficie afectada.<\/p>\n","protected":false},"excerpt":{"rendered":"<p>Morelia, Michoac\u00e1n, 05 de mayo de 2017.- \u201cEs evidente la falta de coordinaci\u00f3n entre la Secretar\u00eda de Medio Ambiente, Recursos Naturales y Cambio Clim\u00e1tico (SEMARNACC) y la Comisi\u00f3n Forestal del Estado (COFOM) ante la falta de resultados en torno a los fuertes incendios registrados recientemente en el estado\u201d, se\u00f1al\u00f3 el diputado Roberto Carlos L\u00f3pez Garc\u00eda. [&hellip;]<\/p>\n","protected":false},"author":2,"featured_media":35492,"comment_status":"closed","ping_status":"closed","sticky":false,"template":"","format":"standard","meta":{"footnotes":""},"categories":[6,14],"tags":[],"class_list":["post-35491","post","type-post","status-publish","format-standard","has-post-thumbnail","hentry","category-congreso-del-estado","category-destacadas"],"_links":{"self":[{"href":"https:\/\/radiowebmx.com\/nota\/wp-json\/wp\/v2\/posts\/35491","targetHints":{"allow":["GET"]}}],"collection":[{"href":"https:\/\/radiowebmx.com\/nota\/wp-json\/wp\/v2\/posts"}],"about":[{"href":"https:\/\/radiowebmx.com\/nota\/wp-json\/wp\/v2\/types\/post"}],"author":[{"embeddable":true,"href":"https:\/\/radiowebmx.com\/nota\/wp-json\/wp\/v2\/users\/2"}],"replies":[{"embeddable":true,"href":"https:\/\/radiowebmx.com\/nota\/wp-json\/wp\/v2\/comments?post=35491"}],"version-history":[{"count":1,"href":"https:\/\/radiowebmx.com\/nota\/wp-json\/wp\/v2\/posts\/35491\/revisions"}],"predecessor-version":[{"id":35493,"href":"https:\/\/radiowebmx.com\/nota\/wp-json\/wp\/v2\/posts\/35491\/revisions\/35493"}],"wp:featuredmedia":[{"embeddable":true,"href":"https:\/\/radiowebmx.com\/nota\/wp-json\/wp\/v2\/media\/35492"}],"wp:attachment":[{"href":"https:\/\/radiowebmx.com\/nota\/wp-json\/wp\/v2\/media?parent=35491"}],"wp:term":[{"taxonomy":"category","embeddable":true,"href":"https:\/\/radiowebmx.com\/nota\/wp-json\/wp\/v2\/categories?post=35491"},{"taxonomy":"post_tag","embeddable":true,"href":"https:\/\/radiowebmx.com\/nota\/wp-json\/wp\/v2\/tags?post=35491"}],"curies":[{"name":"wp","href":"https:\/\/api.w.org\/{rel}","templated":true}]}}