{"id":35488,"date":"2017-05-08T13:31:16","date_gmt":"2017-05-08T18:31:16","guid":{"rendered":"https:\/\/radiowebmx.com\/nota\/?p=35488"},"modified":"2017-05-08T13:31:16","modified_gmt":"2017-05-08T18:31:16","slug":"necesario-posicionar-al-sector-ganadero-michoacano-a-nivel-nacional-sigala","status":"publish","type":"post","link":"https:\/\/radiowebmx.com\/nota\/necesario-posicionar-al-sector-ganadero-michoacano-a-nivel-nacional-sigala\/","title":{"rendered":"Necesario posicionar al sector ganadero michoacano a nivel nacional: Sigala"},"content":{"rendered":"<p><a href=\"https:\/\/radiowebmx.com\/nota\/wp-content\/uploads\/2017\/05\/FOTONOTA.jpg\"><img loading=\"lazy\" decoding=\"async\" src=\"https:\/\/radiowebmx.com\/nota\/wp-content\/uploads\/2017\/05\/FOTONOTA-595x396.jpg\" alt=\"\" width=\"595\" height=\"396\" class=\"alignnone size-medium wp-image-35489\" srcset=\"https:\/\/radiowebmx.com\/nota\/wp-content\/uploads\/2017\/05\/FOTONOTA-595x396.jpg 595w, https:\/\/radiowebmx.com\/nota\/wp-content\/uploads\/2017\/05\/FOTONOTA.jpg 709w\" sizes=\"auto, (max-width: 595px) 100vw, 595px\" \/><\/a><\/p>\n<p>Morelia; Michoac\u00e1n, 04 de mayo de 2017.- Importante fortalecer e impulsar al sector ganadero en la entidad, por lo que la exposici\u00f3n de ejemplares provenientes de m\u00e1s de 45 ganader\u00edas de todo el pa\u00eds ser\u00e1 la oportunidad de posicionar a Michoac\u00e1n dentro de los estados con mayor diversidad y producci\u00f3n de ganado, y con ello contribuir al desarrollo econ\u00f3mico del estado, manifest\u00f3 Pascual Sigala P\u00e1ez, Presidente de la Mesa Directiva del Congreso del Estado, durante la Inauguraci\u00f3n de la II Muestra Nacional de Ganado Ceb\u00fa como parte de la Exposici\u00f3n Feria Michoac\u00e1n 2017, a la cual asistieron los diputados Belinda Iturbide y Jos\u00e9 Guadalupe Aguilera.<\/p>\n","protected":false},"excerpt":{"rendered":"<p>Morelia; Michoac\u00e1n, 04 de mayo de 2017.- Importante fortalecer e impulsar al sector ganadero en la entidad, por lo que la exposici\u00f3n de ejemplares provenientes de m\u00e1s de 45 ganader\u00edas de todo el pa\u00eds ser\u00e1 la oportunidad de posicionar a Michoac\u00e1n dentro de los estados con mayor diversidad y producci\u00f3n de ganado, y con ello [&hellip;]<\/p>\n","protected":false},"author":2,"featured_media":35489,"comment_status":"closed","ping_status":"closed","sticky":false,"template":"","format":"standard","meta":{"footnotes":""},"categories":[6,14,19],"tags":[],"class_list":["post-35488","post","type-post","status-publish","format-standard","has-post-thumbnail","hentry","category-congreso-del-estado","category-destacadas","category-grupo-parlamentario-del-prd"],"_links":{"self":[{"href":"https:\/\/radiowebmx.com\/nota\/wp-json\/wp\/v2\/posts\/35488","targetHints":{"allow":["GET"]}}],"collection":[{"href":"https:\/\/radiowebmx.com\/nota\/wp-json\/wp\/v2\/posts"}],"about":[{"href":"https:\/\/radiowebmx.com\/nota\/wp-json\/wp\/v2\/types\/post"}],"author":[{"embeddable":true,"href":"https:\/\/radiowebmx.com\/nota\/wp-json\/wp\/v2\/users\/2"}],"replies":[{"embeddable":true,"href":"https:\/\/radiowebmx.com\/nota\/wp-json\/wp\/v2\/comments?post=35488"}],"version-history":[{"count":1,"href":"https:\/\/radiowebmx.com\/nota\/wp-json\/wp\/v2\/posts\/35488\/revisions"}],"predecessor-version":[{"id":35490,"href":"https:\/\/radiowebmx.com\/nota\/wp-json\/wp\/v2\/posts\/35488\/revisions\/35490"}],"wp:featuredmedia":[{"embeddable":true,"href":"https:\/\/radiowebmx.com\/nota\/wp-json\/wp\/v2\/media\/35489"}],"wp:attachment":[{"href":"https:\/\/radiowebmx.com\/nota\/wp-json\/wp\/v2\/media?parent=35488"}],"wp:term":[{"taxonomy":"category","embeddable":true,"href":"https:\/\/radiowebmx.com\/nota\/wp-json\/wp\/v2\/categories?post=35488"},{"taxonomy":"post_tag","embeddable":true,"href":"https:\/\/radiowebmx.com\/nota\/wp-json\/wp\/v2\/tags?post=35488"}],"curies":[{"name":"wp","href":"https:\/\/api.w.org\/{rel}","templated":true}]}}