{"id":35476,"date":"2017-05-08T12:34:42","date_gmt":"2017-05-08T17:34:42","guid":{"rendered":"https:\/\/radiowebmx.com\/nota\/?p=35476"},"modified":"2017-05-08T12:41:35","modified_gmt":"2017-05-08T17:41:35","slug":"ayuntamiento-de-morelia-dignifica-labor-de-bomberos-municipales-yankel-benitez","status":"publish","type":"post","link":"https:\/\/radiowebmx.com\/nota\/ayuntamiento-de-morelia-dignifica-labor-de-bomberos-municipales-yankel-benitez\/","title":{"rendered":"Ayuntamiento de Morelia dignifica labor de Bomberos Municipales: Yankel Benitez"},"content":{"rendered":"<p><a href=\"https:\/\/radiowebmx.com\/nota\/wp-content\/uploads\/2017\/05\/6d734bea-6bda-45d4-8f35-1189624ac693.jpg\"><img loading=\"lazy\" decoding=\"async\" src=\"https:\/\/radiowebmx.com\/nota\/wp-content\/uploads\/2017\/05\/6d734bea-6bda-45d4-8f35-1189624ac693-595x396.jpg\" alt=\"\" width=\"595\" height=\"396\" class=\"alignnone size-medium wp-image-35477\" srcset=\"https:\/\/radiowebmx.com\/nota\/wp-content\/uploads\/2017\/05\/6d734bea-6bda-45d4-8f35-1189624ac693-595x396.jpg 595w, https:\/\/radiowebmx.com\/nota\/wp-content\/uploads\/2017\/05\/6d734bea-6bda-45d4-8f35-1189624ac693.jpg 709w\" sizes=\"auto, (max-width: 595px) 100vw, 595px\" \/><\/a><\/p>\n<p>Para la Administraci\u00f3n Municipal Independiente que encabeza el Alcalde, Alfonso Mart\u00ednez Alc\u00e1zar, resulta preponderante mejorar las condiciones laborales del cuerpo de rescate y seguridad que d\u00eda a d\u00eda arriesgan su integridad a favor de la ciudadan\u00eda, por ello, desde el inicio del actual Gobierno, se ha trabajado con hechos para dignificar su labor.<\/p>\n<p>En respuesta a esto, el Secretario del Ayuntamiento, Jes\u00fas \u00c1valos Plata, encabez\u00f3 este lunes por la ma\u00f1ana una visita a la estaci\u00f3n de Protecci\u00f3n Civil y Bomberos de Morelia, ubicada en las inmediaciones del Estadio Morelos, para contribuir con la revisi\u00f3n de primera mano de las necesidades y urgencias, tanto en materia infraestructura como de los elementos de esta corporaci\u00f3n de auxilio.<\/p>\n<p>Con la presencia del Secretario de Administraci\u00f3n, Yankel Ben\u00edtez Silva y el Coordinador de Protecci\u00f3n Civil y Bomberos Municipal, Eduardo Ram\u00edrez Canals, \u00c1valos Plata se mostr\u00f3 complacido por gestar esta visita que servir\u00e1 para dar seguimiento a las acciones de mejora en las condiciones de tan importante instancia.<\/p>\n<p>El Secretario del Ayuntamiento, recalc\u00f3 que desde pasadas administraciones, la Coordinaci\u00f3n hab\u00eda arrastrado una inercia de abandono, raz\u00f3n por la cual durante los \u00faltimos meses se otorgaron 5 camionetas y uniformes nuevos a los elementos, hechos que reconoci\u00f3 a\u00fan no son suficientes, por lo que con esta visita se buscar\u00e1 redoblar esfuerzos.<\/p>\n<p>Por su parte, el Secretario de Administraci\u00f3n, Yankel Ben\u00edtez, dijo que el objetivo de este recorrido radica en identificar cu\u00e1les son los puntos prioritarios para mejorar las condiciones de trabajo de los bomberos y ajustarlas al presupuesto actual con el que cuentan las arcas municipales.<\/p>\n<p>\u201cHemos hecho esfuerzos en recursos materiales, en equipo y en compensaciones, desde que inici\u00f3 la Administraci\u00f3n, con lo que la voluntad de este gobierno para apoyarles se ha puesto de manifiesto\u201d, remarc\u00f3.<\/p>\n<p>Eduardo Ram\u00edrez Canals, Coordinador de Protecci\u00f3n Civil y Bomberos de Morelia, indic\u00f3 que es de suma importancia que las autoridades conozcan de primera mano las condiciones en las que laboran sus elementos a los que respalda en todo momento por su excelente desempe\u00f1o en el resguardo de la vida de los morelianos.<\/p>\n<p>De esta forma, las autoridades municipales hicieron la revisi\u00f3n de uniformes, cascos, equipos, camiones de bomberos, camionetas, bombas de ox\u00edgeno y recordaron que actualmente algunos elementos alcanzan hasta los 13 mil pesos mensuales de salario, en tanto que se analizar\u00e1 al resto del personal; esto, aunado a la compensaci\u00f3n garantizada mensual de mil 200 pesos y una adicional mensual de mil 500 pesos que a partir de este Gobierno Municipal reciben. Asimismo, se estableci\u00f3 la mejora de la infraestructura de las estaciones incluyendo, la de camelinas frente al Zool\u00f3gico de Morelia.<\/p>\n","protected":false},"excerpt":{"rendered":"<p>Para la Administraci\u00f3n Municipal Independiente que encabeza el Alcalde, Alfonso Mart\u00ednez Alc\u00e1zar, resulta preponderante mejorar las condiciones laborales del cuerpo de rescate y seguridad que d\u00eda a d\u00eda arriesgan su integridad a favor de la ciudadan\u00eda, por ello, desde el inicio del actual Gobierno, se ha trabajado con hechos para dignificar su labor. En respuesta [&hellip;]<\/p>\n","protected":false},"author":2,"featured_media":35477,"comment_status":"closed","ping_status":"closed","sticky":false,"template":"","format":"standard","meta":{"footnotes":""},"categories":[14,9],"tags":[],"class_list":["post-35476","post","type-post","status-publish","format-standard","has-post-thumbnail","hentry","category-destacadas","category-morelia"],"_links":{"self":[{"href":"https:\/\/radiowebmx.com\/nota\/wp-json\/wp\/v2\/posts\/35476","targetHints":{"allow":["GET"]}}],"collection":[{"href":"https:\/\/radiowebmx.com\/nota\/wp-json\/wp\/v2\/posts"}],"about":[{"href":"https:\/\/radiowebmx.com\/nota\/wp-json\/wp\/v2\/types\/post"}],"author":[{"embeddable":true,"href":"https:\/\/radiowebmx.com\/nota\/wp-json\/wp\/v2\/users\/2"}],"replies":[{"embeddable":true,"href":"https:\/\/radiowebmx.com\/nota\/wp-json\/wp\/v2\/comments?post=35476"}],"version-history":[{"count":1,"href":"https:\/\/radiowebmx.com\/nota\/wp-json\/wp\/v2\/posts\/35476\/revisions"}],"predecessor-version":[{"id":35478,"href":"https:\/\/radiowebmx.com\/nota\/wp-json\/wp\/v2\/posts\/35476\/revisions\/35478"}],"wp:featuredmedia":[{"embeddable":true,"href":"https:\/\/radiowebmx.com\/nota\/wp-json\/wp\/v2\/media\/35477"}],"wp:attachment":[{"href":"https:\/\/radiowebmx.com\/nota\/wp-json\/wp\/v2\/media?parent=35476"}],"wp:term":[{"taxonomy":"category","embeddable":true,"href":"https:\/\/radiowebmx.com\/nota\/wp-json\/wp\/v2\/categories?post=35476"},{"taxonomy":"post_tag","embeddable":true,"href":"https:\/\/radiowebmx.com\/nota\/wp-json\/wp\/v2\/tags?post=35476"}],"curies":[{"name":"wp","href":"https:\/\/api.w.org\/{rel}","templated":true}]}}