{"id":35384,"date":"2017-05-04T22:10:53","date_gmt":"2017-05-05T03:10:53","guid":{"rendered":"https:\/\/radiowebmx.com\/nota\/?p=35384"},"modified":"2017-05-05T11:45:38","modified_gmt":"2017-05-05T16:45:38","slug":"obras-de-coahuyana-mejoran-condiciones-de-vida-sedesol","status":"publish","type":"post","link":"https:\/\/radiowebmx.com\/nota\/obras-de-coahuyana-mejoran-condiciones-de-vida-sedesol\/","title":{"rendered":"Obras de Coahuyana mejoran condiciones de vida: Sedesol"},"content":{"rendered":"<p><a href=\"https:\/\/radiowebmx.com\/nota\/wp-content\/uploads\/2017\/05\/IMG_20170504_145724658.jpg\"><img loading=\"lazy\" decoding=\"async\" src=\"https:\/\/radiowebmx.com\/nota\/wp-content\/uploads\/2017\/05\/IMG_20170504_145724658-595x334.jpg\" alt=\"\" width=\"595\" height=\"334\" class=\"alignnone size-medium wp-image-35385\" srcset=\"https:\/\/radiowebmx.com\/nota\/wp-content\/uploads\/2017\/05\/IMG_20170504_145724658-595x334.jpg 595w, https:\/\/radiowebmx.com\/nota\/wp-content\/uploads\/2017\/05\/IMG_20170504_145724658-284x158.jpg 284w, https:\/\/radiowebmx.com\/nota\/wp-content\/uploads\/2017\/05\/IMG_20170504_145724658-642x362.jpg 642w, https:\/\/radiowebmx.com\/nota\/wp-content\/uploads\/2017\/05\/IMG_20170504_145724658-128x72.jpg 128w, https:\/\/radiowebmx.com\/nota\/wp-content\/uploads\/2017\/05\/IMG_20170504_145724658.jpg 709w\" sizes=\"auto, (max-width: 595px) 100vw, 595px\" \/><\/a><\/p>\n<p>Coahuyana Mich. a 04 de mayo del 2017.- La realizaci\u00f3n de obras de alto impacto social en Zonas de Atenci\u00f3n Prioritaria, es fundamental para mejorar la calidad de vida y equilibrar las condiciones de desarrollo en las regiones m\u00e1s lejanas de la entidad. Esa es la tarea que el presidente Enrique Pe\u00f1a Nieto encarga a la Sedesol.   <\/p>\n<p>Fueron las palabras del delegado de la Sedesol en Michoac\u00e1n Ger\u00f3nimo Color Gasca, durante la inauguraci\u00f3n de la calle Mojarra en Boca de Apiza municipio de Coahuyana, donde junto con el presidente municipal Porfirio Mendoza Zambrano, hicieron un recorrido por diversas obras que se desarrollan en este municipio costero y que en 2016 representaron una inversi\u00f3n federal de 39 millones de pesos del sector social.<\/p>\n<p>La obra fue realizada por los propios pobladores a trav\u00e9s del Programa de Empleo Temporal y gener\u00f3 51 empleos directos en donde adem\u00e1s de reactivar la econom\u00eda, genera infraestructura urbana y tur\u00edstica con una inversi\u00f3n conjunta entre municipio y federaci\u00f3n por el orden de los 406 mil pesos. <\/p>\n<p>\u201cEl Albergue de Jornaleros Agr\u00edcolas de Coahuayana es una obra que representa un modelo que permite la tranquilidad y el desarrollo de los jornaleros y sus familias, un lugar donde pueden convivir y descansar en condiciones \u00f3ptimas y no en la intemperie o en campamentos improvisados\u201d, precis\u00f3 Color Gasca.    <\/p>\n<p>Para esta obra, el Gobierno de la Republica ha invertido a trav\u00e9s de tres etapas 10 millones 339 mil pesos, en los ejercicios fiscales 2014, 2015 y 2016 del Programa de Atenci\u00f3n a Jornaleros Agr\u00edcolas.  El albergue tendr\u00e1 la capacidad de atender de manera integral a 200 trabajadores del campo y sus familias.<\/p>\n<p>Cuenta con 40 dormitorios independientes, dispensario m\u00e9dico, tienda Diconsa, cocina comedor con alimentos gratuitos para menores de 14 a\u00f1os, tres aulas escolares, guarder\u00eda con espacio para 60 menores de 4 a\u00f1os distribuidos en cuatro salas, \u00e1rea de juegos infantiles, cancha techada de usos m\u00faltiples, as\u00ed como caseta de vigilancia.<\/p>\n<p>El mejoramiento de infraestructura se traduce en una mejor calidad de vida para trabajadores del campo provenientes de zonas de alta marginaci\u00f3n del estado de Michoac\u00e1n, Guerrero, Chiapas y Oaxaca y que laboran en los cultivos de chile verde, tomate de c\u00e1scara, pl\u00e1tano y papaya.<\/p>\n<p>En Coahuyana operan dos Estancias Infantiles en donde cerca 40 ni\u00f1os reciben beca de Sedesol para que sus padres puedan realizar sus actividades laborales, muchos de los ni\u00f1os son hijos de trabajadoras de los empaques de pl\u00e1tano y papaya del municipio.<\/p>\n<p>Dentro de las actividades se sostuvo un encuentro con los beneficiarios del Comedor Comunitario del Camalote, comunidad en donde por a sus condiciones de lejan\u00eda los alimentos encarecen sus precios. Situaci\u00f3n por lo que su operaci\u00f3n representa el abatimiento de carencia alimenticia en ni\u00f1os, estudiantes, adultos mayores y personas con capacidades diferentes que acuden al centro de alimentaci\u00f3n.        <\/p>\n","protected":false},"excerpt":{"rendered":"<p>Coahuyana Mich. a 04 de mayo del 2017.- La realizaci\u00f3n de obras de alto impacto social en Zonas de Atenci\u00f3n Prioritaria, es fundamental para mejorar la calidad de vida y equilibrar las condiciones de desarrollo en las regiones m\u00e1s lejanas de la entidad. Esa es la tarea que el presidente Enrique Pe\u00f1a Nieto encarga a [&hellip;]<\/p>\n","protected":false},"author":2,"featured_media":35385,"comment_status":"closed","ping_status":"closed","sticky":false,"template":"","format":"standard","meta":{"footnotes":""},"categories":[14,3],"tags":[],"class_list":["post-35384","post","type-post","status-publish","format-standard","has-post-thumbnail","hentry","category-destacadas","category-gobierno-del-estado-de-michoacan"],"_links":{"self":[{"href":"https:\/\/radiowebmx.com\/nota\/wp-json\/wp\/v2\/posts\/35384","targetHints":{"allow":["GET"]}}],"collection":[{"href":"https:\/\/radiowebmx.com\/nota\/wp-json\/wp\/v2\/posts"}],"about":[{"href":"https:\/\/radiowebmx.com\/nota\/wp-json\/wp\/v2\/types\/post"}],"author":[{"embeddable":true,"href":"https:\/\/radiowebmx.com\/nota\/wp-json\/wp\/v2\/users\/2"}],"replies":[{"embeddable":true,"href":"https:\/\/radiowebmx.com\/nota\/wp-json\/wp\/v2\/comments?post=35384"}],"version-history":[{"count":1,"href":"https:\/\/radiowebmx.com\/nota\/wp-json\/wp\/v2\/posts\/35384\/revisions"}],"predecessor-version":[{"id":35386,"href":"https:\/\/radiowebmx.com\/nota\/wp-json\/wp\/v2\/posts\/35384\/revisions\/35386"}],"wp:featuredmedia":[{"embeddable":true,"href":"https:\/\/radiowebmx.com\/nota\/wp-json\/wp\/v2\/media\/35385"}],"wp:attachment":[{"href":"https:\/\/radiowebmx.com\/nota\/wp-json\/wp\/v2\/media?parent=35384"}],"wp:term":[{"taxonomy":"category","embeddable":true,"href":"https:\/\/radiowebmx.com\/nota\/wp-json\/wp\/v2\/categories?post=35384"},{"taxonomy":"post_tag","embeddable":true,"href":"https:\/\/radiowebmx.com\/nota\/wp-json\/wp\/v2\/tags?post=35384"}],"curies":[{"name":"wp","href":"https:\/\/api.w.org\/{rel}","templated":true}]}}