{"id":3536,"date":"2013-08-20T10:37:57","date_gmt":"2013-08-20T15:37:57","guid":{"rendered":"https:\/\/radiowebmx.com\/nota\/?p=3536"},"modified":"2013-08-20T10:37:57","modified_gmt":"2013-08-20T15:37:57","slug":"la-diversidad-de-ideas-y-proyectos-no-deben-paralizar-a-la-sociedad-ni-al-gobierno-jrg","status":"publish","type":"post","link":"https:\/\/radiowebmx.com\/nota\/la-diversidad-de-ideas-y-proyectos-no-deben-paralizar-a-la-sociedad-ni-al-gobierno-jrg\/","title":{"rendered":"LA DIVERSIDAD DE IDEAS Y PROYECTOS NO DEBEN PARALIZAR A LA SOCIEDAD NI AL GOBIERNO: JRG"},"content":{"rendered":"<p><a href=\"https:\/\/radiowebmx.com\/nota\/wp-content\/uploads\/2013\/08\/31.jpg\"><img loading=\"lazy\" decoding=\"async\" class=\"alignleft size-full wp-image-3537\" alt=\"3\" src=\"https:\/\/radiowebmx.com\/nota\/wp-content\/uploads\/2013\/08\/31.jpg\" width=\"591\" height=\"275\" \/><\/a>La diversidad de ideas y proyectos no deben paralizar a la sociedad ni al gobierno, sino que, por el contrario, el empuje de las fuerzas pol\u00edticas y sociales organizadas y sus propuestas, deben de ser fortalezas de un Estado que exige de todos sus miembros lo mejor de s\u00ed, para superar circunstancias que nos lastiman y poder obtener mayores logros en nuestro desarrollo.<\/p>\n<p>As\u00ed lo destac\u00f3 el gobernador Jes\u00fas Reyna Garc\u00eda al fungir como orador durante la ceremonia por el CCII aniversario de instalaci\u00f3n de la Suprema Junta Nacional Americana de Zit\u00e1cuaro, donde evoc\u00f3 la visi\u00f3n de Ignacio L\u00f3pez Ray\u00f3n y Jos\u00e9 Mar\u00eda Cos, quienes pusieron a consideraci\u00f3n de ese \u00f3rgano una iniciativa llamada Plan de Paz y Guerra, que fue enviada al Virrey el 16 de marzo de 1812, quien no hizo caso al llamado de paz de los insurgentes, ni escuch\u00f3 sus argumentos a favor de un M\u00e9xico independiente y por el contrario, trat\u00f3 al documento como herej\u00eda, ordenando que fuera quemado p\u00fablicamente.<\/p>\n<p>La iniciativa -refiri\u00f3- qued\u00f3 como un gran ejemplo de \u00e9tica pol\u00edtica porque, por muy confrontadas que est\u00e9n las posiciones ideol\u00f3gicas y pol\u00edticas, \u201csiempre hay que darle oportunidad al entendimiento y a la posibilidad de los acuerdos, que nos den la necesaria armon\u00eda y la fuerza de la unidad, para emprender con mayor posibilidad de \u00e9xito los retos de la \u00fanica patria que nos cobija\u201d.<\/p>\n<p>Ante el pleno del Cabildo de Zit\u00e1cuaro, encabezado por el alcalde Juan Carlos Campos Ponce, el mandatario record\u00f3 que con ese esp\u00edritu, con una actitud positiva ante la pluralidad democr\u00e1tica que nos distingue a los michoacanos, \u201chemos convocado a todas las fuerzas pol\u00edticas, productivas, culturales, educativas y sociales para que elaboremos juntos, suscribamos, implementemos y evaluemos peri\u00f3dicamente, un Acuerdo por Michoac\u00e1n\u201d.<\/p>\n<p>Al definirse como un dem\u00f3crata por convicci\u00f3n,\u00a0 partidario de construir acuerdos mediante el di\u00e1logo y la conciliaci\u00f3n de intereses y puntos de vista diversos, indic\u00f3<\/p>\n<p>&nbsp;<\/p>\n<p>&nbsp;<\/p>\n<p>que la democracia, como una forma de organizaci\u00f3n social, cuya caracter\u00edstica predominante es que la titularidad del poder reside en la totalidad de sus miembros, haciendo que la toma de decisiones responda a la voluntad general.<\/p>\n<p>Abund\u00f3: La democracia es tambi\u00e9n una forma de gobierno, de organizaci\u00f3n del Estado, en el cual las decisiones colectivas son acordadas por el pueblo mediante mecanismos de participaci\u00f3n directa o indirecta que les confiere legitimidad a sus representantes.<\/p>\n<p>Los michoacanos no nos sabemos rendir. Somos conscientes de los problemas que tenemos, pero no claudicaremos ante la adversidad ni nos doblegamos ante aquellos que nos quieren infundir un esp\u00edritu derrotista. Tenemos problemas s\u00ed, pero todos deben saber, que los michoacanos contamos con una herencia hist\u00f3rica, una determinaci\u00f3n y una voluntad hecha programa, con la que, estamos seguros,\u00a0 m\u00e1s temprano que tarde, superaremos todos estos obst\u00e1culos, que la historia contempor\u00e1nea nos pone como retos, a\u00f1adi\u00f3 Reyna Garc\u00eda.<\/p>\n<p>Fue claro al precisar que en un sistema democr\u00e1tico como el nuestro, no es posible, ni deseable, que un solo inter\u00e9s prevalezca por encima de los dem\u00e1s, y mucho menos que se pretenda imponer por medio de la fuerza o del chantaje. En una sociedad democr\u00e1tica, las pol\u00edticas p\u00fablicas tienen que contar\u00a0 con\u00a0 la aprobaci\u00f3n y el consenso de las mayor\u00edas.<\/p>\n<p>La pol\u00edtica, puntualiz\u00f3, es el arte de lo posible. Los pol\u00edticos tenemos la responsabilidad de construir los consensos que le permitan a la sociedad que representamos, avanzar hacia el logro de mejores niveles de bienestar y justicia, concluy\u00f3 el Ejecutivo.<\/p>\n<p align=\"center\"><b>ENTREGA DE RECONOCIMIENTO<\/b><\/p>\n<p>Como parte de la celebraci\u00f3n, el Ayuntamiento de Zit\u00e1cuaro entreg\u00f3 la presea al m\u00e9rito al abogado, acad\u00e9mico y servidor p\u00fablico, Gregorio L\u00f3pez Mendoza, por haber dado honra y prestigio a ese municipio del Oriente michoacano.<\/p>\n<p>Correspondi\u00f3 al gobernador Jes\u00fas Reyna entregar el reconocimiento al galardonado, quien a todos los actores de la sociedad a asumir con responsabilidad sus tareas para hacer realidad los postulados por los que lucharon los insurgentes de 1810 y dejaron constancia de su compromiso con la Patria, al crear las primeras instituciones\u00a0 que dieron vialidad al M\u00e9xico independiente.<\/p>\n<p>&nbsp;<\/p>\n<p>&nbsp;<\/p>\n<p>En el acto c\u00edvico acudi\u00f3 como representante del presidente Enrique Pe\u00f1a Nieto la delegada en Michoac\u00e1n de la Secretar\u00eda de Desarrollo Agrario, Territorial y Urbano (SEDATU), Fernanda Elvira Villafranca Aguirre; tambi\u00e9n estuvieron los representantes de los poderes Legislativo y Judicial, Erick Ju\u00e1rez Blanquet y Antonio Maga\u00f1a de la Mora, respectivamente.<\/p>\n","protected":false},"excerpt":{"rendered":"<p>La diversidad de ideas y proyectos no deben paralizar a la sociedad ni al gobierno, sino que, por el contrario, el empuje de las fuerzas pol\u00edticas y sociales organizadas y sus propuestas, deben de ser fortalezas de un Estado que exige de todos sus miembros lo mejor de s\u00ed, para superar circunstancias que nos lastiman y poder obtener mayores logros en nuestro desarrollo.<\/p>\n","protected":false},"author":1,"featured_media":0,"comment_status":"open","ping_status":"open","sticky":false,"template":"","format":"standard","meta":{"footnotes":""},"categories":[14,3],"tags":[],"class_list":["post-3536","post","type-post","status-publish","format-standard","hentry","category-destacadas","category-gobierno-del-estado-de-michoacan"],"_links":{"self":[{"href":"https:\/\/radiowebmx.com\/nota\/wp-json\/wp\/v2\/posts\/3536","targetHints":{"allow":["GET"]}}],"collection":[{"href":"https:\/\/radiowebmx.com\/nota\/wp-json\/wp\/v2\/posts"}],"about":[{"href":"https:\/\/radiowebmx.com\/nota\/wp-json\/wp\/v2\/types\/post"}],"author":[{"embeddable":true,"href":"https:\/\/radiowebmx.com\/nota\/wp-json\/wp\/v2\/users\/1"}],"replies":[{"embeddable":true,"href":"https:\/\/radiowebmx.com\/nota\/wp-json\/wp\/v2\/comments?post=3536"}],"version-history":[{"count":1,"href":"https:\/\/radiowebmx.com\/nota\/wp-json\/wp\/v2\/posts\/3536\/revisions"}],"predecessor-version":[{"id":3538,"href":"https:\/\/radiowebmx.com\/nota\/wp-json\/wp\/v2\/posts\/3536\/revisions\/3538"}],"wp:attachment":[{"href":"https:\/\/radiowebmx.com\/nota\/wp-json\/wp\/v2\/media?parent=3536"}],"wp:term":[{"taxonomy":"category","embeddable":true,"href":"https:\/\/radiowebmx.com\/nota\/wp-json\/wp\/v2\/categories?post=3536"},{"taxonomy":"post_tag","embeddable":true,"href":"https:\/\/radiowebmx.com\/nota\/wp-json\/wp\/v2\/tags?post=3536"}],"curies":[{"name":"wp","href":"https:\/\/api.w.org\/{rel}","templated":true}]}}