{"id":35344,"date":"2017-05-04T13:51:04","date_gmt":"2017-05-04T18:51:04","guid":{"rendered":"https:\/\/radiowebmx.com\/nota\/?p=35344"},"modified":"2017-05-04T13:51:04","modified_gmt":"2017-05-04T18:51:04","slug":"temas-de-cafe-662","status":"publish","type":"post","link":"https:\/\/radiowebmx.com\/nota\/temas-de-cafe-662\/","title":{"rendered":"TEMAS DE CAF\u00c9"},"content":{"rendered":"<p>\u2022\tPRD CON MANCERA O CON AMLO<br \/>\n\u2022\tGALILEOS-CHUCHOS CON EL PAN<br \/>\n\u2022\tMADURO, \u00bfIDEAL DE IZQUIERDA?<br \/>\n\u2022\tMIGUEL MEDINA-HECTOR CHAVEZ<br \/>\nPor Juan Manuel BELMONTE<br \/>\n\tEl presidente de M\u00e9xico Enrique Pe\u00f1a Nieto y el PRI tendr\u00e1n en lo que resta de este a\u00f1o, varios dolores de cabeza primero est\u00e1 la elecci\u00f3n en el Estado de M\u00e9xico, donde las encuestas a casi un mes  del D\u00eda D no hay definici\u00f3n,  Josefina, Delfina y del Mazo se mantienen en un empate t\u00e9cnico, con Juan Zepeda a la alza  de tal manera que en el caso de que Juan, decidiera declinar por Delfina seguramente ganar\u00edan el gobierno, del estado de M\u00e9xico, pero despu\u00e9s seguir\u00edan los dolores de cabeza, porque el PRD bien pudiera ir en alianza para el proceso electoral del a\u00f1o entrante con Morena, lo cual ser\u00eda terrible para el PRI porque con eso se estar\u00eda garantizando, la izquierda el triunfo porque como est\u00e1n las cosas hoy, en la dirigencia nacional del PRD ser\u00e1 en agosto cuando debe haber, relevo en las dirigencia nacional y en base en qui\u00e9n gane la dirigencia, se sabr\u00eda con qui\u00e9n va a jugar el PRD con Mancera, con Morena o con el PAN, pero solo no puede ir porque primer no tendr\u00eda ni un posibilidad de ganar, y segundo podr\u00eda desaparecer en varios estados.<br \/>\n\tADN CON MORENA, GALILEOS Y CHUCHOS CON EL PAN<br \/>\n\tPrimero a estas alturas del a\u00f1o la dirigente nacional, Alejandra Barrales ya deber\u00eda haber emitido la convocatoria, para iniciar  el procedimiento para el relevo de todas las dirigencias, primero se dijo que ser\u00eda el INE quien realizar\u00eda el proceso en el PRD, pero parece que ya se pas\u00f3 el tiempo para ello, por lo que definitivamente el INE ya no podr\u00e1 realizar este proceso, es m\u00e1s hasta parece que Alejandra Barrales no ha emitido la convocatoria, porque intenta mantenerse en la dirigencia nacional.<br \/>\n\tTORRES PI\u00d1A ENVIO UN EXHORTO A LA DIRIGENTE<br \/>\n \tEs m\u00e1s el dirigente estatal del PRD Carlos Torres Pi\u00f1a, dio a conocer que hace d\u00edas envi\u00f3 un exhorto a la dirigente nacional, Alejandra Barrales para que procediera dentro de los t\u00e9rminos legales, la convocatoria pero hasta ahora no lo ha hecho, y es que entre m\u00e1s tiempo se mantenga en la dirigencia, m\u00e1s posibilidades tiene de lograr que el PRD apoye la candidatura de Miguel Angel Mancera, ya que se ha notado que existe una relaci\u00f3n pol\u00edtica, entre la dirigente y el jefe de gobierno de la ciudad de M\u00e9xico.<br \/>\n\tLOS  GALILEOS Y LOS CHUCHOS CON EL PAN<br \/>\n\tAl interior del perredismo nacional existen varias tendencias, por ejemplo la ADN que dirige H\u00e9ctor Bautista propone hacer alianzas, porque ser\u00eda complicado ir solo con candidato propio, ya que como est\u00e1n las cosas hoy el PRD no tendr\u00eda posibilidades, reales de triunfo por lo cual H\u00e9ctor Bautista es de la idea, de buscar alianzas con Morena mientras que Los Galileos y Los Chuchos, ha trascendido que tienen compromiso de ir en alianza con el PAN.<br \/>\n\tEN EL CONSEJO NACIONAL LA DECISI\u00d3N FINAL<br \/>\n\tDeber\u00e1 ser en el transcurso del Consejo Nacional que est\u00e1 programado para agosto, cuando se tome la decisi\u00f3n final, en base claro a qui\u00e9n quede como dirigente nacional del PRD, en el caso de que Alejandra lograra reelegirse obviamente el candidato que apoyar\u00eda el PRD, ser\u00eda Mancera en el caso de que fuera ADN, la que se quedara con la dirigencia seguramente ir\u00edan con Morena y Amlo, y si los Chuchos y los Galileos ganaran la dirigencia, podr\u00edan ir con el PAN. Por eso el Consejo Nacional ser\u00e1 sumamente importante, para el futuro inmediato de este partido.<br \/>\n\tMADURO EL IDEAL DE MUCHOS DE LA IZQUIERDA<br \/>\n\tEs raro que muchos de los integrantes de la izquierda en Michoac\u00e1n, no solamente en el PRD, tambi\u00e9n en el PT y en el Movimiento Ciudadano est\u00e9n guardando silencio, ante las atrocidades de Maduro en Venezuela, quien junto con Hugo Ch\u00e1vez destrozaron una de las mejores econom\u00edas latinoamericanas, y a un pa\u00eds tan bello como Venezuela precisamente por eso, se llama Venezuela porque era la Venecia de Am\u00e9rica, por su abundancia de agua, hoy Maduro y su polic\u00eda y ej\u00e9rcito est\u00e1n masacrando a los j\u00f3venes, quienes solamente buscan democracia pero en Venezuela, hoy exigir democracia este tentar a la muerte.<br \/>\n\tMaduro y sus muchachos  chavistas, los soviets, los integrantes de las misiones, los pensionados en fin todos los que viven de las ubres del Chavismo, en Venezuela ser\u00e1n quienes integren la nueva asamblea constitutiva, que se encargar\u00e1 de elaborar una nueva constituci\u00f3n, seguramente para que Maduro se quede al frente del gobierno mientras viva. \u00bfEsa es la izquierda que quieren para M\u00e9xico?.<br \/>\n\t\u00bfDONDE ESTAN LOS PERREDISTAS CHAVISTAS?<br \/>\n\tSobre todo en el gobierno de L\u00e1zaro C\u00e1rdenas el gobierno de Hugo Ch\u00e1vez, patrocin\u00f3 viajes y atenci\u00f3n m\u00e9dica en Cuba, preg\u00fantele a Jos\u00e9 Guadalupe Hern\u00e1ndez Alcal\u00e1, hoy diputado federal  quien estuvo  al frente de este programa, cu\u00e1ntos viajes hizo a Cuba con este fin, para quienes estaban enfermos de cataratas principalmente, as\u00ed como de retinitis pigmentaria atenci\u00f3n m\u00e9dica que solamente, se prestaba en Venezuela porque m\u00e9dicos de all\u00e1 hab\u00edan descubierto el tratamiento.<br \/>\nPorque esas operaciones en Cuba eran realizadas por m\u00e9dicos cubanos, y en instituciones cubanas pero el patrocinio era de Hugo Ch\u00e1vez, y era tal la atracci\u00f3n que ejerci\u00f3 Ch\u00e1vez en cientos,  de michoacanos de la izquierda que muchos de ellos, visitaron Venezuela en varias ocasiones pagados por Ch\u00e1vez, y ven\u00edan impresionados y enamoradas de Ch\u00e1vez, todos esos a quienes  recordamos muy  bien,  ahora \u00bfpor qu\u00e9 callan y no defienden a este execrable sujeto?.<br \/>\nMIGUEL MEDINA CONTRA HECTOR CHAVEZ<br \/>\nEn los primeros d\u00edas del mes anterior la Facultad de Derecho y Ciencias Sociales, de la Universidad Michoacana vivi\u00f3 momentos complicados, cuando se procedi\u00f3 a la votaci\u00f3n de los alumnos en el proceso, para elegir al nuevo director de dicha facultad, fue tal la pasi\u00f3n con que se vivi\u00f3 este proceso que fue necesaria, la presencia de los elementos de seguridad porque se afirma, que los simpatizantes de H\u00e9ctor Ch\u00e1vez estaban golpeando, a los que estudiantes que apoyaban a Miguel Medina.<br \/>\nVotan los alumnos, los maestros y el personal administrativo, de la Facultad y esas votaciones son tomadas en cuenta, se supone por los integrantes del Consejo Universitario, quienes tienen la responsabilidad de en unos d\u00edas m\u00e1s, tomar la decisi\u00f3n, en base se supone a los resultados que  les comentamos, y lamentablemente hay muchos intereses que la verdad nos extra\u00f1a, para ganar la direcci\u00f3n de esta importante facultada universitaria.<br \/>\nASEGURAN QUE EL PRD APOYA A HECTOR CHAVEZ<br \/>\nMuy pocas veces un partido pol\u00edtico se ha interesado en manejar, por lo menos tan burdamente un proceso de elecci\u00f3n, de un director se tienen ubicadas las escuelas y facultades, que est\u00e1n controladas por personas con ideolog\u00eda de izquierda, como Filosof\u00eda y Letras, Historia un poco y una que otra escuela o facultad, pero procuraban no llamar la atenci\u00f3n, son m\u00e1s bien reductos de diverso grupos que est\u00e1n enquistados en la Casa de Hidalgo.<br \/>\nPero los j\u00f3venes que simpatizan con Miguel Medina aseguran, que fueron agredidos por la gente que apoya a H\u00e9ctor Ch\u00e1vez, quienes est\u00e1n dentro de alguna de las diversas expresiones, al interior del PRD  y creemos que todo esto tiene que ver, con la elecci\u00f3n del rector que ser\u00e1 aproximadamente en un a\u00f1o, ya que la facultad de Derecho y Ciencias Sociales, junto con la de Medicina son de la m\u00e1s importantes.<br \/>\nBASUREROS Y BOSQUES SE INCENDIAN EN MICHOACAN<br \/>\nDesde hace d\u00edas se han estado incendiando varios basureros en el estado, principalmente en ciudades como Uruapan, Los Reyes y Zacapu aparte uno que otros en poblaciones menores, aparte  varios bosques michoacanos que tambi\u00e9n se encuentran en llamas,  como en Tuxpan, el cerro del Tzirate, el Estribo en P\u00e1tzcuaro,  Huetamo y Apatzing\u00e1n.<br \/>\n Ante estos hechos  el Secretario de Gobierno Adri\u00e1n L\u00f3pez Sol\u00eds, platic\u00f3 con los presidentes municipales, para  encargarles que pongan mucha atenci\u00f3n en estos aspectos, porque puede ser que varios de estos incendios tanto en los rellenos sanitarios, como en los bosques sean provocados, no solamente por personas que buscan aprovechar los terrenos con fines inmobiliarios, as\u00ed como para plantaciones de berries y aguacate sino por diversos grupos  que buscan distraer la atenci\u00f3n.<br \/>\n Respecto a los incendios de los rellenos sanitarios, dijo que se debe poner m\u00e1s atenci\u00f3n porque el humo que genera la basura y los lexiviados, pueden afectar seriamente la salud de los michoacanos,  por ejemplo record\u00f3 que en Uruapan es donde m\u00e1s da\u00f1o, ha causado el humo emanado de estos rellenos, m\u00e1s a quienes padecen problemas respiratorios.     <\/p>\n","protected":false},"excerpt":{"rendered":"<p>\u2022 PRD CON MANCERA O CON AMLO \u2022 GALILEOS-CHUCHOS CON EL PAN \u2022 MADURO, \u00bfIDEAL DE IZQUIERDA? \u2022 MIGUEL MEDINA-HECTOR CHAVEZ Por Juan Manuel BELMONTE El presidente de M\u00e9xico Enrique Pe\u00f1a Nieto y el PRI tendr\u00e1n en lo que resta de este a\u00f1o, varios dolores de cabeza primero est\u00e1 la elecci\u00f3n en el Estado de [&hellip;]<\/p>\n","protected":false},"author":2,"featured_media":0,"comment_status":"closed","ping_status":"closed","sticky":false,"template":"","format":"standard","meta":{"footnotes":""},"categories":[4,10],"tags":[],"class_list":["post-35344","post","type-post","status-publish","format-standard","hentry","category-columnistas","category-juan-manuel-belmonte"],"_links":{"self":[{"href":"https:\/\/radiowebmx.com\/nota\/wp-json\/wp\/v2\/posts\/35344","targetHints":{"allow":["GET"]}}],"collection":[{"href":"https:\/\/radiowebmx.com\/nota\/wp-json\/wp\/v2\/posts"}],"about":[{"href":"https:\/\/radiowebmx.com\/nota\/wp-json\/wp\/v2\/types\/post"}],"author":[{"embeddable":true,"href":"https:\/\/radiowebmx.com\/nota\/wp-json\/wp\/v2\/users\/2"}],"replies":[{"embeddable":true,"href":"https:\/\/radiowebmx.com\/nota\/wp-json\/wp\/v2\/comments?post=35344"}],"version-history":[{"count":1,"href":"https:\/\/radiowebmx.com\/nota\/wp-json\/wp\/v2\/posts\/35344\/revisions"}],"predecessor-version":[{"id":35345,"href":"https:\/\/radiowebmx.com\/nota\/wp-json\/wp\/v2\/posts\/35344\/revisions\/35345"}],"wp:attachment":[{"href":"https:\/\/radiowebmx.com\/nota\/wp-json\/wp\/v2\/media?parent=35344"}],"wp:term":[{"taxonomy":"category","embeddable":true,"href":"https:\/\/radiowebmx.com\/nota\/wp-json\/wp\/v2\/categories?post=35344"},{"taxonomy":"post_tag","embeddable":true,"href":"https:\/\/radiowebmx.com\/nota\/wp-json\/wp\/v2\/tags?post=35344"}],"curies":[{"name":"wp","href":"https:\/\/api.w.org\/{rel}","templated":true}]}}