{"id":35238,"date":"2017-05-03T13:23:08","date_gmt":"2017-05-03T18:23:08","guid":{"rendered":"https:\/\/radiowebmx.com\/nota\/?p=35238"},"modified":"2017-05-03T13:23:08","modified_gmt":"2017-05-03T18:23:08","slug":"residencia-en-distritos-no-seria-requisito-para-ser-candidato","status":"publish","type":"post","link":"https:\/\/radiowebmx.com\/nota\/residencia-en-distritos-no-seria-requisito-para-ser-candidato\/","title":{"rendered":"Residencia en distritos no ser\u00eda requisito para ser candidato"},"content":{"rendered":"<p>Morelia; Michoac\u00e1n, 03 de mayo de 2017.- El Pleno del Congreso del Estado declar\u00f3 el \u201cha lugar\u201d a admitir a discusi\u00f3n la iniciativa que propone reformar la Constituci\u00f3n Pol\u00edtica del Estado, en materia electoral.<\/p>\n<p>El dictamen presentado por la Comisi\u00f3n de Puntos Constitucionales que preside la diputada Rosa Mar\u00eda de la Torre, e integran Miguel \u00c1ngel Villegas, Jeovana Alc\u00e1ntar, Manuel L\u00f3pez y Mary Carmen Bernal, se\u00f1ala que se admite a discusi\u00f3n la propuesta legislativa, presentada por el diputado \u00c1ngel Cedillo, que tiene por objeto reformar la fracci\u00f3n II del art\u00edculo 23 de la Constituci\u00f3n Pol\u00edtica del Estado, en cuanto al requisito de la residencia efectiva en la entidad para contender por el cargo p\u00fablico de Diputado Local.<\/p>\n<p>Agrega que actualmente la fracci\u00f3n II, establece como requisito \u201cSer originario del distrito por el que haya de ser electo por el principio de mayor\u00eda relativa, o tener una residencia efectiva en el mismo no menor a dos a\u00f1os previos al d\u00eda de la elecci\u00f3n\u2026\u201d.<\/p>\n<p>Por lo tanto, la propuesta pasa de un paradigma regionalista a uno m\u00e1s abierto, que resulta operante de acuerdo con los principios mencionados en el art\u00edculo primero de la Constituci\u00f3n Federal, toda vez que el derecho a ser elegido para cualquier cargo de representaci\u00f3n popular, forma parte de los derechos pol\u00edtico-electorales, mismos, que no dejan de pertenecer a la esfera de los derechos fundamentales.<\/p>\n<p>Asimismo, establece la posibilidad de que el requisito para contender sea el ser Michoacano, por lo que la Comisi\u00f3n encontr\u00f3 que los fundamentos jur\u00eddicos en que se sustenta la Iniciativa, son vigentes y vinculantes en el orden jur\u00eddico del Estado de Michoac\u00e1n.<\/p>\n<p>La Iniciativa fue turnada a las Comisiones Unidas de Puntos Constitucionales y de Asuntos Electorales y Participaci\u00f3n Ciudadana, para su estudio, an\u00e1lisis y dictamen.<\/p>\n","protected":false},"excerpt":{"rendered":"<p>Morelia; Michoac\u00e1n, 03 de mayo de 2017.- El Pleno del Congreso del Estado declar\u00f3 el \u201cha lugar\u201d a admitir a discusi\u00f3n la iniciativa que propone reformar la Constituci\u00f3n Pol\u00edtica del Estado, en materia electoral. El dictamen presentado por la Comisi\u00f3n de Puntos Constitucionales que preside la diputada Rosa Mar\u00eda de la Torre, e integran Miguel [&hellip;]<\/p>\n","protected":false},"author":2,"featured_media":35239,"comment_status":"closed","ping_status":"closed","sticky":false,"template":"","format":"standard","meta":{"footnotes":""},"categories":[6,14],"tags":[],"class_list":["post-35238","post","type-post","status-publish","format-standard","has-post-thumbnail","hentry","category-congreso-del-estado","category-destacadas"],"_links":{"self":[{"href":"https:\/\/radiowebmx.com\/nota\/wp-json\/wp\/v2\/posts\/35238","targetHints":{"allow":["GET"]}}],"collection":[{"href":"https:\/\/radiowebmx.com\/nota\/wp-json\/wp\/v2\/posts"}],"about":[{"href":"https:\/\/radiowebmx.com\/nota\/wp-json\/wp\/v2\/types\/post"}],"author":[{"embeddable":true,"href":"https:\/\/radiowebmx.com\/nota\/wp-json\/wp\/v2\/users\/2"}],"replies":[{"embeddable":true,"href":"https:\/\/radiowebmx.com\/nota\/wp-json\/wp\/v2\/comments?post=35238"}],"version-history":[{"count":1,"href":"https:\/\/radiowebmx.com\/nota\/wp-json\/wp\/v2\/posts\/35238\/revisions"}],"predecessor-version":[{"id":35240,"href":"https:\/\/radiowebmx.com\/nota\/wp-json\/wp\/v2\/posts\/35238\/revisions\/35240"}],"wp:featuredmedia":[{"embeddable":true,"href":"https:\/\/radiowebmx.com\/nota\/wp-json\/wp\/v2\/media\/35239"}],"wp:attachment":[{"href":"https:\/\/radiowebmx.com\/nota\/wp-json\/wp\/v2\/media?parent=35238"}],"wp:term":[{"taxonomy":"category","embeddable":true,"href":"https:\/\/radiowebmx.com\/nota\/wp-json\/wp\/v2\/categories?post=35238"},{"taxonomy":"post_tag","embeddable":true,"href":"https:\/\/radiowebmx.com\/nota\/wp-json\/wp\/v2\/tags?post=35238"}],"curies":[{"name":"wp","href":"https:\/\/api.w.org\/{rel}","templated":true}]}}