{"id":35216,"date":"2017-05-02T23:20:45","date_gmt":"2017-05-03T04:20:45","guid":{"rendered":"https:\/\/radiowebmx.com\/nota\/?p=35216"},"modified":"2017-05-03T11:11:41","modified_gmt":"2017-05-03T16:11:41","slug":"el-norteno-sono-en-la-expo-fiesta-michoacan-con-los-cadetes-de-linares","status":"publish","type":"post","link":"https:\/\/radiowebmx.com\/nota\/el-norteno-sono-en-la-expo-fiesta-michoacan-con-los-cadetes-de-linares\/","title":{"rendered":"El norte\u00f1o son\u00f3 en la Expo Fiesta Michoac\u00e1n con Los Cadetes de Linares"},"content":{"rendered":"<p><a href=\"https:\/\/radiowebmx.com\/nota\/wp-content\/uploads\/2017\/05\/1ff7ca90-849f-4ac9-8a07-d189eee23c63.jpg\"><img loading=\"lazy\" decoding=\"async\" src=\"https:\/\/radiowebmx.com\/nota\/wp-content\/uploads\/2017\/05\/1ff7ca90-849f-4ac9-8a07-d189eee23c63-595x396.jpg\" alt=\"\" width=\"595\" height=\"396\" class=\"alignnone size-medium wp-image-35217\" srcset=\"https:\/\/radiowebmx.com\/nota\/wp-content\/uploads\/2017\/05\/1ff7ca90-849f-4ac9-8a07-d189eee23c63-595x396.jpg 595w, https:\/\/radiowebmx.com\/nota\/wp-content\/uploads\/2017\/05\/1ff7ca90-849f-4ac9-8a07-d189eee23c63.jpg 709w\" sizes=\"auto, (max-width: 595px) 100vw, 595px\" \/><\/a><\/p>\n<p>Morelia, Michoac\u00e1n, a 2 de mayo de 2017.- Frente a sus m\u00e1s fieles seguidores, Los Viejos Cadetes de Linares de \u201cDon Chava\u201d llegaron al Teatro del Pueblo de la Expo Fiesta Michoac\u00e1n 2017 para compartir su m\u00fasica con todos los asistentes que este martes se dieron cita para corear y bailar al ritmo de sus m\u00e1s grandes \u00e9xitos, como \u201cLos dos amigos\u201d, \u201cEl palomito\u201d, \u201cNo hay novedad\u201d, \u201cUna l\u00e1grima y un recuerdo\u201d, entre otras.<\/p>\n<p>Previo a su aparici\u00f3n en el escenario, la agrupaci\u00f3n se reuni\u00f3 con los medios de comunicaci\u00f3n, a quienes les compartieron su felicidad por estar de nuevo en Michoac\u00e1n y sus pr\u00f3ximos proyectos. <\/p>\n<p>&#8220;Ahorita lo que estamos presentando es un nuevo proyecto de Los Cadetes de Linares, ya que el pasado 4 de diciembre fallece uno de los fundadores que fue el creador de este grupo. Entonces lo que nosotros estamos presentando es un nuevo concepto musical, pero manteniendo el mismo estilo de hace 50 a\u00f1os con nuestros antecesores&#8221;, detallaron los integrantes.<\/p>\n<p>Ma\u00f1ana a las 21:00 horas en el Teatro del Pueblo se presentar\u00e1 Pante\u00f3n Rococ\u00f3 completamente gratis con el boleto de entrada.<\/p>\n<p>Adem\u00e1s, los asistentes a la Expo Fiesta Michoac\u00e1n podr\u00e1n disfrutar del Espect\u00e1culo de Caballos Bailadores en el cortijo del Recinto Ferial a las 19:00 horas y del Espect\u00e1culo Medieval en el anillo calificador de la Zona Ganadera en punto de las 20:00 horas.<\/p>\n<p>La informaci\u00f3n oficial sobre la Expo Fiesta Michoac\u00e1n 2017 s\u00f3lo es difundida en el portal de Internet http:\/\/www.expofiestamichoacan.mx\/, en el Twitter @ExpoFiestaMich y en el perfil de Facebook www.facebook.com\/ExpofiestaMich.<\/p>\n","protected":false},"excerpt":{"rendered":"<p>Morelia, Michoac\u00e1n, a 2 de mayo de 2017.- Frente a sus m\u00e1s fieles seguidores, Los Viejos Cadetes de Linares de \u201cDon Chava\u201d llegaron al Teatro del Pueblo de la Expo Fiesta Michoac\u00e1n 2017 para compartir su m\u00fasica con todos los asistentes que este martes se dieron cita para corear y bailar al ritmo de sus [&hellip;]<\/p>\n","protected":false},"author":2,"featured_media":35217,"comment_status":"closed","ping_status":"closed","sticky":false,"template":"","format":"standard","meta":{"footnotes":""},"categories":[14,3],"tags":[],"class_list":["post-35216","post","type-post","status-publish","format-standard","has-post-thumbnail","hentry","category-destacadas","category-gobierno-del-estado-de-michoacan"],"_links":{"self":[{"href":"https:\/\/radiowebmx.com\/nota\/wp-json\/wp\/v2\/posts\/35216","targetHints":{"allow":["GET"]}}],"collection":[{"href":"https:\/\/radiowebmx.com\/nota\/wp-json\/wp\/v2\/posts"}],"about":[{"href":"https:\/\/radiowebmx.com\/nota\/wp-json\/wp\/v2\/types\/post"}],"author":[{"embeddable":true,"href":"https:\/\/radiowebmx.com\/nota\/wp-json\/wp\/v2\/users\/2"}],"replies":[{"embeddable":true,"href":"https:\/\/radiowebmx.com\/nota\/wp-json\/wp\/v2\/comments?post=35216"}],"version-history":[{"count":1,"href":"https:\/\/radiowebmx.com\/nota\/wp-json\/wp\/v2\/posts\/35216\/revisions"}],"predecessor-version":[{"id":35218,"href":"https:\/\/radiowebmx.com\/nota\/wp-json\/wp\/v2\/posts\/35216\/revisions\/35218"}],"wp:featuredmedia":[{"embeddable":true,"href":"https:\/\/radiowebmx.com\/nota\/wp-json\/wp\/v2\/media\/35217"}],"wp:attachment":[{"href":"https:\/\/radiowebmx.com\/nota\/wp-json\/wp\/v2\/media?parent=35216"}],"wp:term":[{"taxonomy":"category","embeddable":true,"href":"https:\/\/radiowebmx.com\/nota\/wp-json\/wp\/v2\/categories?post=35216"},{"taxonomy":"post_tag","embeddable":true,"href":"https:\/\/radiowebmx.com\/nota\/wp-json\/wp\/v2\/tags?post=35216"}],"curies":[{"name":"wp","href":"https:\/\/api.w.org\/{rel}","templated":true}]}}