{"id":3509,"date":"2013-08-19T10:39:45","date_gmt":"2013-08-19T15:39:45","guid":{"rendered":"https:\/\/radiowebmx.com\/nota\/?p=3509"},"modified":"2013-08-19T10:39:45","modified_gmt":"2013-08-19T15:39:45","slug":"con-504-expedientes-cierra-periodo-de-recepcion-para-estimulo-administrativo-en-el-cobaem","status":"publish","type":"post","link":"https:\/\/radiowebmx.com\/nota\/con-504-expedientes-cierra-periodo-de-recepcion-para-estimulo-administrativo-en-el-cobaem\/","title":{"rendered":"CON 504 EXPEDIENTES CIERRA  PERIODO DE RECEPCI\u00d3N PARA  EST\u00cdMULO ADMINISTRATIVO EN EL COBAEM"},"content":{"rendered":"<p>Durante la semana que reci\u00e9n culmin\u00f3, concluy\u00f3 el proceso de recepci\u00f3n de expedientes para participar en el Programa de Est\u00edmulo al Desempe\u00f1o del Personal Administrativo, (PEDPA), para trabajadores del Colegio de Bachilleres del Estado de Michoac\u00e1n, (COBAEM); se trata de la edici\u00f3n n\u00famero 11 de la promoci\u00f3n, con la que se beneficiar\u00e1 a un total de 380 trabajadores que recibir\u00e1n la cantidad de siete mil quinientos pesos en una sola emisi\u00f3n.<\/p>\n<p>&nbsp;<\/p>\n<p>Dicho programa tiene como objetivo reconocer al personal administrativo que se distingue por su entrega, inter\u00e9s, preparaci\u00f3n, capacitaci\u00f3n y cumplimiento con eficiencia de las tareas encomendadas de acuerdo a sus funciones administrativas, por lo que participan como aspirantes al est\u00edmulo, todos los trabajadores de base del subsistema que cumplan con los requisitos establecidos en la convocatoria correspondiente.<\/p>\n<p>&nbsp;<\/p>\n<p>Del 8 de julio al 13 de agosto, la Comisi\u00f3n Mixta de Capacitaci\u00f3n y Adiestramiento, (CMCA), integrada por representantes de la parte oficial y sindical del Subsistema, recibi\u00f3 los expedientes.<\/p>\n<p>&nbsp;<\/p>\n<p>La CMCA, integrada por Efigenia Mart\u00ednez Gonz\u00e1lez, Marbella \u00c1guila Rojas, Norma Alicia Gonz\u00e1lez L\u00f3pez y Miguel \u00c1ngel Cuenca Hern\u00e1ndez, dio a conocer que del 14 de agosto al 11 de septiembre del presente a\u00f1o, se realizar\u00e1 la evaluaci\u00f3n de expedientes. Asimismo que el 17 de septiembre ser\u00e1 la publicaci\u00f3n de resultados preliminares y envi\u00f3 de actas de no procedencia; del 17 al 27 de septiembre, la recepci\u00f3n de impugnaciones; el 16 de octubre, la publicaci\u00f3n de resultados finales; y el 18 de octubre, la remisi\u00f3n de dict\u00e1menes a la Delegaci\u00f3n Administrativa del COBAEM para el correspondiente tr\u00e1mite de pago.<\/p>\n","protected":false},"excerpt":{"rendered":"<p>Durante la semana que reci\u00e9n culmin\u00f3, concluy\u00f3 el proceso de recepci\u00f3n de expedientes para participar en el Programa de Est\u00edmulo al Desempe\u00f1o del Personal Administrativo, (PEDPA), para trabajadores del Colegio de Bachilleres del Estado de Michoac\u00e1n<\/p>\n","protected":false},"author":1,"featured_media":0,"comment_status":"open","ping_status":"open","sticky":false,"template":"","format":"standard","meta":{"footnotes":""},"categories":[3],"tags":[],"class_list":["post-3509","post","type-post","status-publish","format-standard","hentry","category-gobierno-del-estado-de-michoacan"],"_links":{"self":[{"href":"https:\/\/radiowebmx.com\/nota\/wp-json\/wp\/v2\/posts\/3509","targetHints":{"allow":["GET"]}}],"collection":[{"href":"https:\/\/radiowebmx.com\/nota\/wp-json\/wp\/v2\/posts"}],"about":[{"href":"https:\/\/radiowebmx.com\/nota\/wp-json\/wp\/v2\/types\/post"}],"author":[{"embeddable":true,"href":"https:\/\/radiowebmx.com\/nota\/wp-json\/wp\/v2\/users\/1"}],"replies":[{"embeddable":true,"href":"https:\/\/radiowebmx.com\/nota\/wp-json\/wp\/v2\/comments?post=3509"}],"version-history":[{"count":1,"href":"https:\/\/radiowebmx.com\/nota\/wp-json\/wp\/v2\/posts\/3509\/revisions"}],"predecessor-version":[{"id":3510,"href":"https:\/\/radiowebmx.com\/nota\/wp-json\/wp\/v2\/posts\/3509\/revisions\/3510"}],"wp:attachment":[{"href":"https:\/\/radiowebmx.com\/nota\/wp-json\/wp\/v2\/media?parent=3509"}],"wp:term":[{"taxonomy":"category","embeddable":true,"href":"https:\/\/radiowebmx.com\/nota\/wp-json\/wp\/v2\/categories?post=3509"},{"taxonomy":"post_tag","embeddable":true,"href":"https:\/\/radiowebmx.com\/nota\/wp-json\/wp\/v2\/tags?post=3509"}],"curies":[{"name":"wp","href":"https:\/\/api.w.org\/{rel}","templated":true}]}}