{"id":35072,"date":"2017-04-28T15:47:33","date_gmt":"2017-04-28T20:47:33","guid":{"rendered":"https:\/\/radiowebmx.com\/nota\/?p=35072"},"modified":"2017-05-02T11:06:02","modified_gmt":"2017-05-02T16:06:02","slug":"apoya-ayuntamiento-de-morelia-a-ranas-imde","status":"publish","type":"post","link":"https:\/\/radiowebmx.com\/nota\/apoya-ayuntamiento-de-morelia-a-ranas-imde\/","title":{"rendered":"Apoya Ayuntamiento de Morelia a Ranas-IMDE"},"content":{"rendered":"<p><a href=\"https:\/\/radiowebmx.com\/nota\/wp-content\/uploads\/2017\/05\/3ced76c2-eb21-4ecc-9a5c-e6140b086b6b.jpg\"><img loading=\"lazy\" decoding=\"async\" src=\"https:\/\/radiowebmx.com\/nota\/wp-content\/uploads\/2017\/05\/3ced76c2-eb21-4ecc-9a5c-e6140b086b6b-595x319.jpg\" alt=\"\" width=\"595\" height=\"319\" class=\"alignnone size-medium wp-image-35073\" srcset=\"https:\/\/radiowebmx.com\/nota\/wp-content\/uploads\/2017\/05\/3ced76c2-eb21-4ecc-9a5c-e6140b086b6b-595x319.jpg 595w, https:\/\/radiowebmx.com\/nota\/wp-content\/uploads\/2017\/05\/3ced76c2-eb21-4ecc-9a5c-e6140b086b6b.jpg 709w\" sizes=\"auto, (max-width: 595px) 100vw, 595px\" \/><\/a><\/p>\n<p>Con motivo del  D\u00eda del Ni\u00f1o, el equipo Ranas-IMDE, representar\u00e1 al Ayuntamiento de Morelia, dentro del Campeonato Estatal de Nataci\u00f3n de Novatos y Clasificados Infantil A,  a celebrarse los d\u00edas 29 y 30 de abril en Zihuatanejo, Guerrero. Adem\u00e1s, Paula y Karla Montes, as\u00ed como Sergio Ram\u00edrez, asistir\u00e1n a la Olimpiada y Campeonato Nacional Juvenil 2017.<\/p>\n<p>Consciente del compromiso con el deporte en los rubros de talentos y alto rendimiento en la disciplina de nataci\u00f3n, el Gobierno Municipal Independiente, encabezado por el Alcalde, Alfonso Mart\u00ednez Alc\u00e1zar, a trav\u00e9s del Instituto Municipal de Cultura F\u00edsica y Deporte (IMDE), apoyo al equipo Ranas-IMDE para asistir al estatal de la especialidad y a la m\u00e1xima fiesta del deporte en nuestro pa\u00eds.<\/p>\n<p>En una sencilla ceremonia celebrada en el Complejo Acu\u00e1tico \u201cMedallistas Paral\u00edmpicos\u201d de la Unidad Deportiva Morelos &#8211; Indeco, el Regidor de la Comisi\u00f3n Mujer, Juventud y Deporte, F\u00e9lix Madrigal Pulido, acompa\u00f1ado por Salvador Alegre Alvarado, Encargado de Despacho del IMDE; adem\u00e1s de Hugo Mac\u00edas, Coordinador General de los Complejos Acu\u00e1ticos de la casa del deporte en Morelia y el entrenador Napole\u00f3n N\u00fa\u00f1ez, deseo \u00e9xito al equipo de nataci\u00f3n Ranas-Imde en sus diversas competencias.<\/p>\n<p>\u201cA nombre de nuestro Presidente Municipal, Alfonso Mart\u00ednez Alc\u00e1zar, deseamos que gracias al esfuerzo y preparaci\u00f3n que han tenido en estos complejos acu\u00e1ticos, se traduzcan en excelentes resultados, porque sabemos de su capacidad y desde luego la de sus entrenadores\u201d, expres\u00f3 el Regidor de la Comisi\u00f3n Mujer, Juventud y Deporte, F\u00e9lix Madrigal Pulido.<\/p>\n<p>\u201cEs un gusto tenerlos en nuestra casa, en esta sencilla ceremonia para desearles mucho \u00e9xito durante los dos eventos a los que dignamente llevar\u00e1n en el alto el nombre de Morelia\u201d, asegur\u00f3 el Encargado de Despacho del IMDE, Salvador Alegre Alvarado.<\/p>\n<p>El Campeonato Estatal de Nataci\u00f3n de Novatos y Clasificados Infantil A, est\u00e1 programado los d\u00edas 29 y 30 del presente mes, con sede en Zihuatanejo, Guerrero, al cual se dar\u00e1n cita un total de 90 tritones y sirenas pertenecientes al equipo Ranas-IMDE, conformado por las acu\u00e1ticas Bicentenario, Villa Magna, Morelos &#8211; Indeco y Medallistas Paral\u00edmpicos, quienes competir\u00e1n en las categor\u00edas: 8 a\u00f1os y menores,  Infantil A y B, Juvenil A y B, as\u00ed como 15 a\u00f1os y mayores en ambas ramas.<\/p>\n<p>En lo que refiere a los representantes del equipo Ranas-IMDE, en la Olimpiada y Campeonato Nacional Juvenil 2017, con sede en Monterrey, Nuevo Le\u00f3n, estos son: Sergio Ram\u00edrez, medallista en la prueba de relevos en la edici\u00f3n anterior, adem\u00e1s de Karla Montes; mientras que Paula Montes, al no ser elegible para el medallero, buscar\u00e1 dar la marca que le permita representar a M\u00e9xico, en el Campeonato Mundial de Nataci\u00f3n a celebrarse del 14 al 30 de julio en Budapest, Hungr\u00eda.<\/p>\n<p>\u201cLa verdad que un lugar para el Campeonato Mundial es complicado, ya que solo se reparten seis boletos. Ella va a nadar las tres pruebas en dorso y para lograr su cupo tendr\u00e1 que dar la marca de 29.52 segundos en los 50 metros. En cuanto a los j\u00f3venes que van a la Olimpiada Nacional, la expectativa es que se logren meter a finales, as\u00ed como bajar sus tiempos; en el caso de Sergio Ram\u00edrez, \u00e9l fue medallista el a\u00f1o anterior en relevos y ahora lo veo un poco m\u00e1s fuerte\u201d, destac\u00f3 el entrenador Napole\u00f3n N\u00fa\u00f1ez.<\/p>\n<p>Los tres integrantes de Ranas-IMDE, recibieron un est\u00edmulo econ\u00f3mico por parte del Ayuntamiento de Morelia.<\/p>\n","protected":false},"excerpt":{"rendered":"<p>Con motivo del D\u00eda del Ni\u00f1o, el equipo Ranas-IMDE, representar\u00e1 al Ayuntamiento de Morelia, dentro del Campeonato Estatal de Nataci\u00f3n de Novatos y Clasificados Infantil A, a celebrarse los d\u00edas 29 y 30 de abril en Zihuatanejo, Guerrero. Adem\u00e1s, Paula y Karla Montes, as\u00ed como Sergio Ram\u00edrez, asistir\u00e1n a la Olimpiada y Campeonato Nacional Juvenil [&hellip;]<\/p>\n","protected":false},"author":2,"featured_media":35073,"comment_status":"closed","ping_status":"closed","sticky":false,"template":"","format":"standard","meta":{"footnotes":""},"categories":[14,9],"tags":[],"class_list":["post-35072","post","type-post","status-publish","format-standard","has-post-thumbnail","hentry","category-destacadas","category-morelia"],"_links":{"self":[{"href":"https:\/\/radiowebmx.com\/nota\/wp-json\/wp\/v2\/posts\/35072","targetHints":{"allow":["GET"]}}],"collection":[{"href":"https:\/\/radiowebmx.com\/nota\/wp-json\/wp\/v2\/posts"}],"about":[{"href":"https:\/\/radiowebmx.com\/nota\/wp-json\/wp\/v2\/types\/post"}],"author":[{"embeddable":true,"href":"https:\/\/radiowebmx.com\/nota\/wp-json\/wp\/v2\/users\/2"}],"replies":[{"embeddable":true,"href":"https:\/\/radiowebmx.com\/nota\/wp-json\/wp\/v2\/comments?post=35072"}],"version-history":[{"count":1,"href":"https:\/\/radiowebmx.com\/nota\/wp-json\/wp\/v2\/posts\/35072\/revisions"}],"predecessor-version":[{"id":35074,"href":"https:\/\/radiowebmx.com\/nota\/wp-json\/wp\/v2\/posts\/35072\/revisions\/35074"}],"wp:featuredmedia":[{"embeddable":true,"href":"https:\/\/radiowebmx.com\/nota\/wp-json\/wp\/v2\/media\/35073"}],"wp:attachment":[{"href":"https:\/\/radiowebmx.com\/nota\/wp-json\/wp\/v2\/media?parent=35072"}],"wp:term":[{"taxonomy":"category","embeddable":true,"href":"https:\/\/radiowebmx.com\/nota\/wp-json\/wp\/v2\/categories?post=35072"},{"taxonomy":"post_tag","embeddable":true,"href":"https:\/\/radiowebmx.com\/nota\/wp-json\/wp\/v2\/tags?post=35072"}],"curies":[{"name":"wp","href":"https:\/\/api.w.org\/{rel}","templated":true}]}}