{"id":35069,"date":"2017-04-28T15:30:44","date_gmt":"2017-04-28T20:30:44","guid":{"rendered":"https:\/\/radiowebmx.com\/nota\/?p=35069"},"modified":"2017-05-02T11:04:23","modified_gmt":"2017-05-02T16:04:23","slug":"proam-estrecha-lazos-con-el-centro-de-inspeccion-y-vigilancia-ambiental-remota-de-la-cdmx","status":"publish","type":"post","link":"https:\/\/radiowebmx.com\/nota\/proam-estrecha-lazos-con-el-centro-de-inspeccion-y-vigilancia-ambiental-remota-de-la-cdmx\/","title":{"rendered":"ProAm estrecha lazos con el Centro de Inspecci\u00f3n y Vigilancia Ambiental Remota de la CDMX"},"content":{"rendered":"<p>Ciudad de M\u00e9xico, a 28 de abril de 2017.- Con la finalidad de analizar los alcances de cooperaci\u00f3n t\u00e9cnica e innovar en los procesos del programa de monitoreo a veh\u00edculos ostensiblemente contaminantes, el titular de la Procuradur\u00eda de Protecci\u00f3n al Ambiente (ProAm) de Michoac\u00e1n, Juan Carlos Vega Sol\u00f3rzano, visit\u00f3 el Centro de Inspecci\u00f3n y Vigilancia Ambiental Remota (CIVAR) de la Ciudad de M\u00e9xico.<\/p>\n<p>Acompa\u00f1ado por personal de regulaci\u00f3n ambiental de la Secretar\u00eda de Medio Ambiente, Recursos Naturales y Cambio Clim\u00e1tico (Semarnacc), Vega Sol\u00f3rzano manifest\u00f3 su inter\u00e9s por estrechar lazos de colaboraci\u00f3n con el CIVAR y dotar a Michoac\u00e1n de instrumentos que permitan homologar esta pol\u00edtica p\u00fablica con la de la Ciudad de M\u00e9xico.<\/p>\n<p>\u201cSumar esfuerzos permitir\u00e1 que contemos con una jurisprudencia plena como autoridad ambiental para sancionar a los veh\u00edculos que exceden la normatividad ambiental\u201d, indic\u00f3.<\/p>\n<p>Durante esta visita el titular de la ProAm conoci\u00f3 el funcionamiento del programa en la capital del pa\u00eds, que al igual que en el estado de Michoac\u00e1n cuenta con estrecha colaboraci\u00f3n con la Secretar\u00eda de Seguridad P\u00fablica.<\/p>\n<p>Detall\u00f3 que la Ciudad de M\u00e9xico cuenta con 68 verificentros monitoreados permanentemente por m\u00e1s de 2 mil c\u00e1maras de alta definici\u00f3n, interconectados en tiempo real con el C5 de la Secretar\u00eda de Seguridad P\u00fablica.<\/p>\n<p>\u201cEl monitoreo de los verificentros durante las 24 horas de los 365 d\u00edas del a\u00f1o, as\u00ed como de los veh\u00edculos contaminantes, permite que sea un programa transparente con cero corrupci\u00f3n, por lo que se buscar\u00e1 replicar este modelo en Michoac\u00e1n\u201d, afirm\u00f3.<\/p>\n<p>Asimismo, agreg\u00f3 que se tiene previsto la dotaci\u00f3n de 44 patrullas ambientales, adicionales a las 34 que ya circulan en la Ciudad de M\u00e9xico, por lo que es un referente id\u00f3neo del programa para replicarse en la geograf\u00eda michoacana.<\/p>\n","protected":false},"excerpt":{"rendered":"<p>Ciudad de M\u00e9xico, a 28 de abril de 2017.- Con la finalidad de analizar los alcances de cooperaci\u00f3n t\u00e9cnica e innovar en los procesos del programa de monitoreo a veh\u00edculos ostensiblemente contaminantes, el titular de la Procuradur\u00eda de Protecci\u00f3n al Ambiente (ProAm) de Michoac\u00e1n, Juan Carlos Vega Sol\u00f3rzano, visit\u00f3 el Centro de Inspecci\u00f3n y Vigilancia [&hellip;]<\/p>\n","protected":false},"author":2,"featured_media":35070,"comment_status":"closed","ping_status":"closed","sticky":false,"template":"","format":"standard","meta":{"footnotes":""},"categories":[14,3],"tags":[],"class_list":["post-35069","post","type-post","status-publish","format-standard","has-post-thumbnail","hentry","category-destacadas","category-gobierno-del-estado-de-michoacan"],"_links":{"self":[{"href":"https:\/\/radiowebmx.com\/nota\/wp-json\/wp\/v2\/posts\/35069","targetHints":{"allow":["GET"]}}],"collection":[{"href":"https:\/\/radiowebmx.com\/nota\/wp-json\/wp\/v2\/posts"}],"about":[{"href":"https:\/\/radiowebmx.com\/nota\/wp-json\/wp\/v2\/types\/post"}],"author":[{"embeddable":true,"href":"https:\/\/radiowebmx.com\/nota\/wp-json\/wp\/v2\/users\/2"}],"replies":[{"embeddable":true,"href":"https:\/\/radiowebmx.com\/nota\/wp-json\/wp\/v2\/comments?post=35069"}],"version-history":[{"count":1,"href":"https:\/\/radiowebmx.com\/nota\/wp-json\/wp\/v2\/posts\/35069\/revisions"}],"predecessor-version":[{"id":35071,"href":"https:\/\/radiowebmx.com\/nota\/wp-json\/wp\/v2\/posts\/35069\/revisions\/35071"}],"wp:featuredmedia":[{"embeddable":true,"href":"https:\/\/radiowebmx.com\/nota\/wp-json\/wp\/v2\/media\/35070"}],"wp:attachment":[{"href":"https:\/\/radiowebmx.com\/nota\/wp-json\/wp\/v2\/media?parent=35069"}],"wp:term":[{"taxonomy":"category","embeddable":true,"href":"https:\/\/radiowebmx.com\/nota\/wp-json\/wp\/v2\/categories?post=35069"},{"taxonomy":"post_tag","embeddable":true,"href":"https:\/\/radiowebmx.com\/nota\/wp-json\/wp\/v2\/tags?post=35069"}],"curies":[{"name":"wp","href":"https:\/\/api.w.org\/{rel}","templated":true}]}}