{"id":35038,"date":"2017-04-28T14:55:07","date_gmt":"2017-04-28T19:55:07","guid":{"rendered":"https:\/\/radiowebmx.com\/nota\/?p=35038"},"modified":"2017-04-28T14:55:07","modified_gmt":"2017-04-28T19:55:07","slug":"ayuntamiento-de-morelia-anuncia-cierre-de-vialidades-por-el-dia-del-nino","status":"publish","type":"post","link":"https:\/\/radiowebmx.com\/nota\/ayuntamiento-de-morelia-anuncia-cierre-de-vialidades-por-el-dia-del-nino\/","title":{"rendered":"Ayuntamiento de Morelia anuncia cierre de vialidades por el D\u00eda del Ni\u00f1o"},"content":{"rendered":"<p><a href=\"https:\/\/radiowebmx.com\/nota\/wp-content\/uploads\/2017\/04\/91e6972c-874b-4582-a2a5-ab86d701fc11.jpeg\"><img loading=\"lazy\" decoding=\"async\" src=\"https:\/\/radiowebmx.com\/nota\/wp-content\/uploads\/2017\/04\/91e6972c-874b-4582-a2a5-ab86d701fc11-595x595.jpeg\" alt=\"\" width=\"595\" height=\"595\" class=\"alignnone size-medium wp-image-35039\" srcset=\"https:\/\/radiowebmx.com\/nota\/wp-content\/uploads\/2017\/04\/91e6972c-874b-4582-a2a5-ab86d701fc11-595x595.jpeg 595w, https:\/\/radiowebmx.com\/nota\/wp-content\/uploads\/2017\/04\/91e6972c-874b-4582-a2a5-ab86d701fc11-150x150.jpeg 150w, https:\/\/radiowebmx.com\/nota\/wp-content\/uploads\/2017\/04\/91e6972c-874b-4582-a2a5-ab86d701fc11-270x270.jpeg 270w, https:\/\/radiowebmx.com\/nota\/wp-content\/uploads\/2017\/04\/91e6972c-874b-4582-a2a5-ab86d701fc11-125x125.jpeg 125w, https:\/\/radiowebmx.com\/nota\/wp-content\/uploads\/2017\/04\/91e6972c-874b-4582-a2a5-ab86d701fc11-290x290.jpeg 290w, https:\/\/radiowebmx.com\/nota\/wp-content\/uploads\/2017\/04\/91e6972c-874b-4582-a2a5-ab86d701fc11.jpeg 709w\" sizes=\"auto, (max-width: 595px) 100vw, 595px\" \/><\/a><\/p>\n<p>Con motivo de los festejos que el Gobierno Municipal ha preparado para los peque\u00f1os en su d\u00eda, este 30 de abril el Ayuntamiento de Morelia realizar\u00e1 cierres en algunas vialidades del Centro Hist\u00f3rico, en especial en calles aleda\u00f1as a la Plaza Valladolid, lugar donde se llevar\u00e1 a cabo el Festival del D\u00eda del Ni\u00f1o 2017, donde a partir de las 10:00 horas se espera el arribo de 6 mil personas.<\/p>\n<p>La Polic\u00eda de Morelia anunci\u00f3 que los cierres viales ser\u00e1n en la calle Humboldt, desde Vicente Santa Mar\u00eda hasta la calle Vasco de Quiroga, la cual se cierra tambi\u00e9n junto con Bartolom\u00e9 de Las Casas a la altura de la Plaza Valladolid; se cortar\u00e1 adem\u00e1s la circulaci\u00f3n en las calles Antonio Alzate y Pablo Beamout.<\/p>\n<p>El cierre de la calle Humboldt se llevaran a cabo a partir de las 00:00 horas del d\u00eda 30 para hacer la instalaci\u00f3n y el resto de las calles anunciadas se cerrar\u00e1n a partir de las 9:00 horas, para ser reactivadas en su normalidad una vez que se haya retirado el \u00faltimo asistente al festival.<\/p>\n<p>En la cuesti\u00f3n de seguridad y proximidad con la ciudadan\u00eda, se habilitar\u00e1n salidas de emergencia que estar\u00e1n se\u00f1alizadas en la instalaci\u00f3n de acuerdo a los lineamientos que marque Protecci\u00f3n Civil; habr\u00e1 ba\u00f1os port\u00e1tiles y se tendr\u00e1 el apoyo de ambulancias, as\u00ed como de personal m\u00e9dico del DIF Morelia, que estar\u00e1 en servicio de los asistentes durante el evento.<\/p>\n<p>Para la Administraci\u00f3n Municipal que encabeza Alfonso Mart\u00ednez Alc\u00e1zar, este evento representa una excelente oportunidad para regalar a los peque\u00f1os un d\u00eda lleno de alegr\u00eda, sonrisas, regalos y sorpresas, raz\u00f3n por la cual se vigilar\u00e1 de manera precisa la estancia de los peque\u00f1os dentro de las diversas atracciones que se preparan para la jornada, esto a trav\u00e9s de los elementos de la Polic\u00eda de Morelia, Protecci\u00f3n Civil y el Sistema DIF.<\/p>\n","protected":false},"excerpt":{"rendered":"<p>Con motivo de los festejos que el Gobierno Municipal ha preparado para los peque\u00f1os en su d\u00eda, este 30 de abril el Ayuntamiento de Morelia realizar\u00e1 cierres en algunas vialidades del Centro Hist\u00f3rico, en especial en calles aleda\u00f1as a la Plaza Valladolid, lugar donde se llevar\u00e1 a cabo el Festival del D\u00eda del Ni\u00f1o 2017, [&hellip;]<\/p>\n","protected":false},"author":2,"featured_media":35039,"comment_status":"closed","ping_status":"closed","sticky":false,"template":"","format":"standard","meta":{"footnotes":""},"categories":[14,9],"tags":[],"class_list":["post-35038","post","type-post","status-publish","format-standard","has-post-thumbnail","hentry","category-destacadas","category-morelia"],"_links":{"self":[{"href":"https:\/\/radiowebmx.com\/nota\/wp-json\/wp\/v2\/posts\/35038","targetHints":{"allow":["GET"]}}],"collection":[{"href":"https:\/\/radiowebmx.com\/nota\/wp-json\/wp\/v2\/posts"}],"about":[{"href":"https:\/\/radiowebmx.com\/nota\/wp-json\/wp\/v2\/types\/post"}],"author":[{"embeddable":true,"href":"https:\/\/radiowebmx.com\/nota\/wp-json\/wp\/v2\/users\/2"}],"replies":[{"embeddable":true,"href":"https:\/\/radiowebmx.com\/nota\/wp-json\/wp\/v2\/comments?post=35038"}],"version-history":[{"count":1,"href":"https:\/\/radiowebmx.com\/nota\/wp-json\/wp\/v2\/posts\/35038\/revisions"}],"predecessor-version":[{"id":35040,"href":"https:\/\/radiowebmx.com\/nota\/wp-json\/wp\/v2\/posts\/35038\/revisions\/35040"}],"wp:featuredmedia":[{"embeddable":true,"href":"https:\/\/radiowebmx.com\/nota\/wp-json\/wp\/v2\/media\/35039"}],"wp:attachment":[{"href":"https:\/\/radiowebmx.com\/nota\/wp-json\/wp\/v2\/media?parent=35038"}],"wp:term":[{"taxonomy":"category","embeddable":true,"href":"https:\/\/radiowebmx.com\/nota\/wp-json\/wp\/v2\/categories?post=35038"},{"taxonomy":"post_tag","embeddable":true,"href":"https:\/\/radiowebmx.com\/nota\/wp-json\/wp\/v2\/tags?post=35038"}],"curies":[{"name":"wp","href":"https:\/\/api.w.org\/{rel}","templated":true}]}}