{"id":35034,"date":"2017-04-28T14:53:12","date_gmt":"2017-04-28T19:53:12","guid":{"rendered":"https:\/\/radiowebmx.com\/nota\/?p=35034"},"modified":"2017-04-28T14:53:12","modified_gmt":"2017-04-28T19:53:12","slug":"soy-un-aliado-del-desarrollo-integral-de-las-ninas-y-los-ninos-silvano-aureoles","status":"publish","type":"post","link":"https:\/\/radiowebmx.com\/nota\/soy-un-aliado-del-desarrollo-integral-de-las-ninas-y-los-ninos-silvano-aureoles\/","title":{"rendered":"Soy un aliado del desarrollo integral de las ni\u00f1as y los ni\u00f1os: Silvano Aureoles"},"content":{"rendered":"<p><a href=\"https:\/\/radiowebmx.com\/nota\/wp-content\/uploads\/2017\/04\/8fde81a8-0cff-4d80-b636-b18f66a3f093.jpeg\"><img loading=\"lazy\" decoding=\"async\" src=\"https:\/\/radiowebmx.com\/nota\/wp-content\/uploads\/2017\/04\/8fde81a8-0cff-4d80-b636-b18f66a3f093-595x396.jpeg\" alt=\"\" width=\"595\" height=\"396\" class=\"alignnone size-medium wp-image-35035\" srcset=\"https:\/\/radiowebmx.com\/nota\/wp-content\/uploads\/2017\/04\/8fde81a8-0cff-4d80-b636-b18f66a3f093-595x396.jpeg 595w, https:\/\/radiowebmx.com\/nota\/wp-content\/uploads\/2017\/04\/8fde81a8-0cff-4d80-b636-b18f66a3f093-150x100.jpeg 150w, https:\/\/radiowebmx.com\/nota\/wp-content\/uploads\/2017\/04\/8fde81a8-0cff-4d80-b636-b18f66a3f093-400x266.jpeg 400w, https:\/\/radiowebmx.com\/nota\/wp-content\/uploads\/2017\/04\/8fde81a8-0cff-4d80-b636-b18f66a3f093.jpeg 709w\" sizes=\"auto, (max-width: 595px) 100vw, 595px\" \/><\/a><\/p>\n<p>Morelia, Michoac\u00e1n, a 28 de abril de 2017.- Soy un aliado del desarrollo integral de las ni\u00f1as y los ni\u00f1os de Michoac\u00e1n, as\u00ed lo expres\u00f3 el Gobernador Constitucional Silvano Aureoles Conejo, durante la Entrega de Juguetes a Sistemas DIF Municipales, en el marco de la celebraci\u00f3n del D\u00eda del Ni\u00f1o.<\/p>\n<p>Ante las presidentas y presidente de los DIF Municipales, el Gobernador reiter\u00f3 su apoyo y compromiso en fortalecer cada uno de estos organismos, sobre todo de los ubicados en los municipios con mayores carencias sociales, pues antes las diversas demandas, consider\u00f3 se complica dar atenci\u00f3n a las mismas y se pone a prueba la creatividad de las autoridades municipales.<\/p>\n<p>Convencido de que las y los ni\u00f1os deben contar con todas las condiciones necesarias para su bienestar, Silvano Aureoles dej\u00f3 en claro que la administraci\u00f3n que encabeza seguir\u00e1 priorizando las pol\u00edticas p\u00fablicas a favor de este sector.<\/p>\n<p>Ante ello, adelant\u00f3 que se presentan grandes avances en la gesti\u00f3n de veh\u00edculos para los Sistemas DIF Municipales, \u201cles voy a cumplir esa promesa\u201d.<\/p>\n<p>Agreg\u00f3 que lo m\u00e1s valioso que se puede tener como sociedad son las y los ni\u00f1os, por lo que si no son cuidados de una manera adecuada, en el futuro no se tendr\u00e1n buenos ciudadanos.<\/p>\n<p>En su oportunidad, la directora general del Sistema DIF Estatal, Roc\u00edo Beamonte Romero, destac\u00f3 que gracias al esfuerzo y gesti\u00f3n realizada por el mandatario estatal ante el DIF Nacional, se distribuir\u00e1n 22 mil juguetes a los sistemas DIF Municipales, que ser\u00e1n obsequiados a un mismo n\u00famero de ni\u00f1as y ni\u00f1os de los 113 municipios michoacanos.<\/p>\n<p>Adem\u00e1s de que para 17 municipios considerados de alta marginaci\u00f3n, el DIF Nacional realiz\u00f3 una gesti\u00f3n importante para respaldarlos.<\/p>\n<p>Indic\u00f3 que este viernes terminan las jornadas de malformaci\u00f3n cong\u00e9nita, en las que se han operado a 217 ni\u00f1os y ni\u00f1as de la entidad, por lo que solicit\u00f3 que este programa sea permanente.<\/p>\n<p>Durante este evento en que estuvieron presentes las presidentas de los Sistemas DIF Municipales de la entidad, as\u00ed como diversas autoridades del Gobierno del Estado y los ayuntamientos, el Gobernador Aureoles Conejo tuvo oportunidad de saludar y platicar con las titulares honorarias de estos organismos.<\/p>\n","protected":false},"excerpt":{"rendered":"<p>Morelia, Michoac\u00e1n, a 28 de abril de 2017.- Soy un aliado del desarrollo integral de las ni\u00f1as y los ni\u00f1os de Michoac\u00e1n, as\u00ed lo expres\u00f3 el Gobernador Constitucional Silvano Aureoles Conejo, durante la Entrega de Juguetes a Sistemas DIF Municipales, en el marco de la celebraci\u00f3n del D\u00eda del Ni\u00f1o. Ante las presidentas y presidente [&hellip;]<\/p>\n","protected":false},"author":2,"featured_media":35035,"comment_status":"closed","ping_status":"closed","sticky":false,"template":"","format":"standard","meta":{"footnotes":""},"categories":[14,3],"tags":[],"class_list":["post-35034","post","type-post","status-publish","format-standard","has-post-thumbnail","hentry","category-destacadas","category-gobierno-del-estado-de-michoacan"],"_links":{"self":[{"href":"https:\/\/radiowebmx.com\/nota\/wp-json\/wp\/v2\/posts\/35034","targetHints":{"allow":["GET"]}}],"collection":[{"href":"https:\/\/radiowebmx.com\/nota\/wp-json\/wp\/v2\/posts"}],"about":[{"href":"https:\/\/radiowebmx.com\/nota\/wp-json\/wp\/v2\/types\/post"}],"author":[{"embeddable":true,"href":"https:\/\/radiowebmx.com\/nota\/wp-json\/wp\/v2\/users\/2"}],"replies":[{"embeddable":true,"href":"https:\/\/radiowebmx.com\/nota\/wp-json\/wp\/v2\/comments?post=35034"}],"version-history":[{"count":2,"href":"https:\/\/radiowebmx.com\/nota\/wp-json\/wp\/v2\/posts\/35034\/revisions"}],"predecessor-version":[{"id":35037,"href":"https:\/\/radiowebmx.com\/nota\/wp-json\/wp\/v2\/posts\/35034\/revisions\/35037"}],"wp:featuredmedia":[{"embeddable":true,"href":"https:\/\/radiowebmx.com\/nota\/wp-json\/wp\/v2\/media\/35035"}],"wp:attachment":[{"href":"https:\/\/radiowebmx.com\/nota\/wp-json\/wp\/v2\/media?parent=35034"}],"wp:term":[{"taxonomy":"category","embeddable":true,"href":"https:\/\/radiowebmx.com\/nota\/wp-json\/wp\/v2\/categories?post=35034"},{"taxonomy":"post_tag","embeddable":true,"href":"https:\/\/radiowebmx.com\/nota\/wp-json\/wp\/v2\/tags?post=35034"}],"curies":[{"name":"wp","href":"https:\/\/api.w.org\/{rel}","templated":true}]}}