{"id":3497,"date":"2013-08-16T09:49:10","date_gmt":"2013-08-16T14:49:10","guid":{"rendered":"https:\/\/radiowebmx.com\/nota\/?p=3497"},"modified":"2013-08-16T09:49:10","modified_gmt":"2013-08-16T14:49:10","slug":"el-telebachillerato-michoacan-pone-en-marcha-la-1a-semana-de-formacion-y-actualizacion","status":"publish","type":"post","link":"https:\/\/radiowebmx.com\/nota\/el-telebachillerato-michoacan-pone-en-marcha-la-1a-semana-de-formacion-y-actualizacion\/","title":{"rendered":"EL TELEBACHILLERATO MICHOAC\u00c1N PONE EN MARCHA LA 1\u00aa SEMANA DE FORMACI\u00d3N Y ACTUALIZACI\u00d3N"},"content":{"rendered":"<p><a href=\"https:\/\/radiowebmx.com\/nota\/wp-content\/uploads\/2013\/08\/DSC01746.jpg\"><img loading=\"lazy\" decoding=\"async\" class=\"alignleft size-full wp-image-3498\" alt=\"DSC01746\" src=\"https:\/\/radiowebmx.com\/nota\/wp-content\/uploads\/2013\/08\/DSC01746.jpg\" width=\"591\" height=\"287\" \/><\/a>Con la finalidad de mejorar la pr\u00e1ctica educativa de los asesores del Telebachillerato Michoac\u00e1n, adem\u00e1s de fortalecer el desempe\u00f1o acad\u00e9mico de los estudiantes, este sistema educativo puso en marcha la 1\u00aa Semana de Formaci\u00f3n y Actualizaci\u00f3n, que concluir\u00e1 este s\u00e1bado 17 de agosto.<\/p>\n<p>El director del TEBAM, Jorge Octavio \u00c1vila Ram\u00edrez, resalt\u00f3 que el Telebachillerato se ha propuesto favorecer un ambiente acad\u00e9mico que permita a los asesores reconocer estrategias id\u00f3neas para interpretar con eficacia, los alcances de los nuevos programas que forman parte de las innovaciones del plan de estudios, basados en el enfoque por competencias.<\/p>\n<p>Destac\u00f3 que se pretende tambi\u00e9n transformar la pr\u00e1ctica docente, as\u00ed como mejorar la calidad de los procesos del subsistema.<\/p>\n<p>Asimismo, invit\u00f3 a los presentes a iniciar un ciclo escolar comprometido con los objetivos ya establecidos por las instituciones educativas federal y estatal, buscando en el quehacer cotidiano, una educaci\u00f3n de calidad, promoviendo permanentemente en los estudiantes el desarrollo de sus capacidades en los \u00e1mbitos intelectual, art\u00edstico, afectivo y deportivo.<\/p>\n<p><b>\u00a0<\/b>En esta Semana de Formaci\u00f3n y Actualizaci\u00f3n los objetivos espec\u00edficos ser\u00e1n: clarificar el papel del asesor en el aprendizaje autogestivo de sus alumnos; coadyuvar con los asesores en la apropiaci\u00f3n de las teor\u00edas, m\u00e9todos, instrumentos, t\u00e9cnicas y otros elementos que intervienen en los procesos de ense\u00f1anza y aprendizaje.<\/p>\n<p>As\u00ed como fortalecer la did\u00e1ctica de las Ciencias (Biolog\u00eda, Qu\u00edmica y F\u00edsica) y de las Matem\u00e1ticas, adem\u00e1s de Sistematizar el uso de instrumentos que fortalezcan la planeaci\u00f3n y la evaluaci\u00f3n educativas, en v\u00edas de la mejora continua del proceso de aprendizaje.<\/p>\n<p><em id=\"__mceDel\"> Estuvieron presentes: Fernando Castillo Arias, director de Educaci\u00f3n Media Superior, en representaci\u00f3n del secretario de Educaci\u00f3n, J. Jes\u00fas Sierra Arias; Carlos Luis G\u00f3mez Calder\u00f3n, subdirector de Planeaci\u00f3n del Telebachillerato; Jorge Villalpando Fierro, subdirector del \u00c1rea Acad\u00e9mica del Telebachillerato; los profesores universitarios, Ram\u00f3n Mej\u00eda Alfaro y Jos\u00e9 Luis Carlos Bedolla Cede\u00f1o, as\u00ed como Claudio Tom\u00e1s Ruiz, secretario general del SUTTEBAM.<\/em><\/p>\n","protected":false},"excerpt":{"rendered":"<p>Con la finalidad de mejorar la pr\u00e1ctica educativa de los asesores del Telebachillerato Michoac\u00e1n, adem\u00e1s de fortalecer el desempe\u00f1o acad\u00e9mico de los estudiantes, este sistema educativo puso en marcha la 1\u00aa Semana de Formaci\u00f3n y Actualizaci\u00f3n, que concluir\u00e1 este s\u00e1bado 17 de agosto.<\/p>\n","protected":false},"author":1,"featured_media":0,"comment_status":"open","ping_status":"open","sticky":false,"template":"","format":"standard","meta":{"footnotes":""},"categories":[14,3],"tags":[],"class_list":["post-3497","post","type-post","status-publish","format-standard","hentry","category-destacadas","category-gobierno-del-estado-de-michoacan"],"_links":{"self":[{"href":"https:\/\/radiowebmx.com\/nota\/wp-json\/wp\/v2\/posts\/3497","targetHints":{"allow":["GET"]}}],"collection":[{"href":"https:\/\/radiowebmx.com\/nota\/wp-json\/wp\/v2\/posts"}],"about":[{"href":"https:\/\/radiowebmx.com\/nota\/wp-json\/wp\/v2\/types\/post"}],"author":[{"embeddable":true,"href":"https:\/\/radiowebmx.com\/nota\/wp-json\/wp\/v2\/users\/1"}],"replies":[{"embeddable":true,"href":"https:\/\/radiowebmx.com\/nota\/wp-json\/wp\/v2\/comments?post=3497"}],"version-history":[{"count":1,"href":"https:\/\/radiowebmx.com\/nota\/wp-json\/wp\/v2\/posts\/3497\/revisions"}],"predecessor-version":[{"id":3499,"href":"https:\/\/radiowebmx.com\/nota\/wp-json\/wp\/v2\/posts\/3497\/revisions\/3499"}],"wp:attachment":[{"href":"https:\/\/radiowebmx.com\/nota\/wp-json\/wp\/v2\/media?parent=3497"}],"wp:term":[{"taxonomy":"category","embeddable":true,"href":"https:\/\/radiowebmx.com\/nota\/wp-json\/wp\/v2\/categories?post=3497"},{"taxonomy":"post_tag","embeddable":true,"href":"https:\/\/radiowebmx.com\/nota\/wp-json\/wp\/v2\/tags?post=3497"}],"curies":[{"name":"wp","href":"https:\/\/api.w.org\/{rel}","templated":true}]}}