{"id":3485,"date":"2013-08-16T09:33:53","date_gmt":"2013-08-16T14:33:53","guid":{"rendered":"https:\/\/radiowebmx.com\/nota\/?p=3485"},"modified":"2013-08-16T09:34:25","modified_gmt":"2013-08-16T14:34:25","slug":"la-policia-debe-apegarse-estrictamente-a-los-derechos-humanos-cabrero-valerio","status":"publish","type":"post","link":"https:\/\/radiowebmx.com\/nota\/la-policia-debe-apegarse-estrictamente-a-los-derechos-humanos-cabrero-valerio\/","title":{"rendered":"La polic\u00eda debe apegarse estrictamente a los Derechos Humanos: Cabrero Valerio"},"content":{"rendered":"<p><a href=\"https:\/\/radiowebmx.com\/nota\/wp-content\/uploads\/2013\/08\/IMG_4943.jpg\"><img loading=\"lazy\" decoding=\"async\" class=\"alignleft size-full wp-image-3486\" alt=\"IMG_4943\" src=\"https:\/\/radiowebmx.com\/nota\/wp-content\/uploads\/2013\/08\/IMG_4943.jpg\" width=\"591\" height=\"285\" \/><\/a>\u201cLos polic\u00edas no deben s\u00f3lo actuar conforme a derecho, sino apegados estrictamente a los Derechos Humanos de acuerdo con las modificaciones que hubo en la Constituci\u00f3n al art\u00edculo 1\u00ba\u201d, recalc\u00f3 el comandante Oscar Armando Cabrero Valerio en entrevista realizada durante su estancia en esta ciudad.<\/p>\n<p>&nbsp;<\/p>\n<p>Cabrero Valerio es licenciado en Derecho por la UNAM y actualmente cursa la licenciatura en Seguridad P\u00fablica. \u00a0Ha desempe\u00f1ado diversos cargos para la Procuradur\u00eda General de la Rep\u00fablica (PGR) y es docente del \u201cCurso de formaci\u00f3n en el sistema penal acusatorio para Polic\u00eda Preventiva\u201d, que se imparte del 5 de agosto al 6 de septiembre de este a\u00f1o en el Instituto Estatal de Formaci\u00f3n Policial, dentro del Plan de Capacitaci\u00f3n del Consejo para el nuevo sistema de justicia penal en Michoac\u00e1n.<\/p>\n<p>&nbsp;<\/p>\n<p>Cabrero Valerio destac\u00f3 que resulta evidente que la Reforma Constitucional de junio de 2008 ha provocado un cambio de paradigma, considerando que la actuaci\u00f3n policial se ha convertido en la piedra angular dentro de este sistema. Reconoci\u00f3 que \u201cse necesita de mucho esfuerzo y sensibilizaci\u00f3n\u201d de y hacia los operadores policiales, para as\u00ed poder lograr un buen funcionamiento del sistema acusatorio.<\/p>\n<p>&nbsp;<\/p>\n<p>Explic\u00f3 que la preservaci\u00f3n de la escena del crimen es fundamental en este nuevo modelo; de acuerdo con el Manual de Protocolo de la Cadena de Custodia emitido por la PGR, se establece puntualmente que cualquier persona que tenga conocimientos de los hechos y est\u00e9 en funciones p\u00fablicas est\u00e1 obligado a preservar la evidencia.<\/p>\n<p>&nbsp;<\/p>\n<p>Asimismo, reconoci\u00f3 que al menos en su experiencia dentro de los 15 estados de la Rep\u00fablica en los que ha estado capacitando, observ\u00f3 por parte de los polic\u00edas mucho inter\u00e9s por querer aprender y capacitarse conforme al Nuevo sistema de justicia penal; consider\u00f3 que es de vital importancia brindarles todo el apoyo necesario para que \u00e9stos se sientan motivados y ejerzan su trabajo de manera productiva.<\/p>\n<p>&nbsp;<\/p>\n<p>\u201cEl \u00e9xito del Nuevo sistema depende del \u00e9xito de la investigaci\u00f3n policial\u201d, explic\u00f3 Cabrero Valerio, quien es docente certificado por la Secretar\u00eda T\u00e9cnica del Consejo de Coordinaci\u00f3n para la Implementaci\u00f3n del Sistema de Justicia Penal (Setec) y por el Sistema Nacional de Seguridad P\u00fablica.<\/p>\n<p>&nbsp;<\/p>\n<p>El comandante record\u00f3 tambi\u00e9n que existe una nueva Ley de V\u00edctimas, en la cual tanto el imputado como la v\u00edctima est\u00e1n en el mismo nivel de derechos, enfatizando que una persona no es culpable hasta que se le haya dictado una sentencia y \u00e9sta haya quedado firme. Esto se denomina principio de presunci\u00f3n de inocencia, que es uno de los pilares esenciales del Nuevo sistema de justicia penal.<\/p>\n<p>&nbsp;<\/p>\n<p>\u201cEn este sistema es fundamental que existan elementos m\u00e1s all\u00e1 que la duda razonable. Debe haber un equilibrio entre justicia y Derecho para que el nuevo sistema funcione. Las cosas se tienen que hacer a Derecho, conforme a Derecho y en Derecho\u201d, resalt\u00f3 el docente de las materias Derechos Humanos e Investigaci\u00f3n del delito, que se imparten a 45 agentes de la Polic\u00eda Estatal Preventiva dentro del curso intensivo de 200 horas.<\/p>\n","protected":false},"excerpt":{"rendered":"<p>\u201cLos polic\u00edas no deben s\u00f3lo actuar conforme a derecho, sino apegados estrictamente a los Derechos Humanos de acuerdo con las modificaciones que hubo en la Constituci\u00f3n al art\u00edculo 1\u00ba\u201d, recalc\u00f3 el comandante Oscar Armando Cabrero Valerio en entrevista realizada durante su estancia en esta ciudad.<\/p>\n","protected":false},"author":1,"featured_media":0,"comment_status":"open","ping_status":"open","sticky":false,"template":"","format":"standard","meta":{"footnotes":""},"categories":[14,3],"tags":[],"class_list":["post-3485","post","type-post","status-publish","format-standard","hentry","category-destacadas","category-gobierno-del-estado-de-michoacan"],"_links":{"self":[{"href":"https:\/\/radiowebmx.com\/nota\/wp-json\/wp\/v2\/posts\/3485","targetHints":{"allow":["GET"]}}],"collection":[{"href":"https:\/\/radiowebmx.com\/nota\/wp-json\/wp\/v2\/posts"}],"about":[{"href":"https:\/\/radiowebmx.com\/nota\/wp-json\/wp\/v2\/types\/post"}],"author":[{"embeddable":true,"href":"https:\/\/radiowebmx.com\/nota\/wp-json\/wp\/v2\/users\/1"}],"replies":[{"embeddable":true,"href":"https:\/\/radiowebmx.com\/nota\/wp-json\/wp\/v2\/comments?post=3485"}],"version-history":[{"count":2,"href":"https:\/\/radiowebmx.com\/nota\/wp-json\/wp\/v2\/posts\/3485\/revisions"}],"predecessor-version":[{"id":3488,"href":"https:\/\/radiowebmx.com\/nota\/wp-json\/wp\/v2\/posts\/3485\/revisions\/3488"}],"wp:attachment":[{"href":"https:\/\/radiowebmx.com\/nota\/wp-json\/wp\/v2\/media?parent=3485"}],"wp:term":[{"taxonomy":"category","embeddable":true,"href":"https:\/\/radiowebmx.com\/nota\/wp-json\/wp\/v2\/categories?post=3485"},{"taxonomy":"post_tag","embeddable":true,"href":"https:\/\/radiowebmx.com\/nota\/wp-json\/wp\/v2\/tags?post=3485"}],"curies":[{"name":"wp","href":"https:\/\/api.w.org\/{rel}","templated":true}]}}