{"id":3483,"date":"2013-08-15T12:55:34","date_gmt":"2013-08-15T17:55:34","guid":{"rendered":"https:\/\/radiowebmx.com\/nota\/?p=3483"},"modified":"2013-08-15T12:55:34","modified_gmt":"2013-08-15T17:55:34","slug":"operativo-en-aquila","status":"publish","type":"post","link":"https:\/\/radiowebmx.com\/nota\/operativo-en-aquila\/","title":{"rendered":"Operativo en Aquila"},"content":{"rendered":"<p>En relaci\u00f3n al operativo que encabez\u00f3 este d\u00eda la Procuradur\u00eda General de Justicia del estado en coordinaci\u00f3n con las fuerzas federales, y que se realiz\u00f3 en cumplimiento a mandatos judiciales, el gobierno del estado da a conocer que uno de los detenidos, Agust\u00edn Villanueva Ram\u00edrez e \u00a0identificado como l\u00edder del grupo de personas que portaban armas diversas, enfrenta los siguientes procesos penales:<\/p>\n<p>5\/2013.- Juzgado de Coahuayana por el delito de Robo calificado.<\/p>\n<p>6\/2013.- Violaci\u00f3n de domicilio.<\/p>\n<p>7\/2013.- Secuestro y Lesiones calificadas.<\/p>\n<p>8\/2013.- Secuestro, Robo calificado y Lesiones calificadas.<\/p>\n<p>Estos procesos judiciales, existen en virtud de que los presuntos delitos se cometieron en las siguientes fechas: 21 de septiembre de 2011, 12 de junio de 2013, 24 de junio de 2013 y 02 de julio del presente a\u00f1o.<\/p>\n<p>Tambi\u00e9n enfrentan \u00f3rdenes de aprehensi\u00f3n por presuntos delitos cometidos:<\/p>\n<ul>\n<li>Juan Manuel Ram\u00edrez Magall\u00f3n:<\/li>\n<\/ul>\n<p>Proceso: 06\/2013<\/p>\n<p>Fecha de emisi\u00f3n de la orden: 19 de julio 2013<\/p>\n<p>Delito: Violaci\u00f3n de domicilio<\/p>\n<p>&nbsp;<\/p>\n<ul>\n<li>Salvador Mart\u00ednez C\u00e1rdenas:<\/li>\n<\/ul>\n<p>Proceso: 7\/2013<\/p>\n<p>Fecha de emisi\u00f3n de la orden: 19 de julio de 2013<\/p>\n<p>Delito: Secuestro y Lesiones calificadas<\/p>\n<p>Proceso: 06\/2013<\/p>\n<p>Fecha de emisi\u00f3n de la orden: 19 de julio 2013<\/p>\n<p>Delito: Violaci\u00f3n de domicilio<\/p>\n<p>&nbsp;<\/p>\n<ul>\n<li>Guadalupe Maga\u00f1a Orozco:<\/li>\n<\/ul>\n<p>Proceso: 7\/2013<\/p>\n<p>Fecha de emisi\u00f3n de la orden: 19 de julio de 2013<\/p>\n<p>Delito:\u00a0\u00a0\u00a0\u00a0\u00a0\u00a0\u00a0\u00a0\u00a0\u00a0\u00a0 Secuestro y Lesiones calificadas<\/p>\n<p>&nbsp;<\/p>\n<ul>\n<li>Vicente Villanueva Ram\u00edrez:<\/li>\n<\/ul>\n<p>Proceso: 7\/2013<\/p>\n<p>Fecha de emisi\u00f3n de la orden: 19 de julio de 2013<\/p>\n<p>Delito:\u00a0\u00a0\u00a0\u00a0\u00a0\u00a0\u00a0\u00a0\u00a0\u00a0\u00a0 Secuestro y Lesiones calificadas<\/p>\n","protected":false},"excerpt":{"rendered":"<p>En relaci\u00f3n al operativo que encabez\u00f3 este d\u00eda la Procuradur\u00eda General de Justicia del estado en coordinaci\u00f3n con las fuerzas federales, y que se realiz\u00f3 en cumplimiento a mandatos judiciales, el gobierno del estado da a conocer que uno de los detenidos, Agust\u00edn Villanueva Ram\u00edrez e \u00a0identificado como l\u00edder del grupo de personas que portaban [&hellip;]<\/p>\n","protected":false},"author":1,"featured_media":0,"comment_status":"open","ping_status":"open","sticky":false,"template":"","format":"standard","meta":{"footnotes":""},"categories":[3],"tags":[],"class_list":["post-3483","post","type-post","status-publish","format-standard","hentry","category-gobierno-del-estado-de-michoacan"],"_links":{"self":[{"href":"https:\/\/radiowebmx.com\/nota\/wp-json\/wp\/v2\/posts\/3483","targetHints":{"allow":["GET"]}}],"collection":[{"href":"https:\/\/radiowebmx.com\/nota\/wp-json\/wp\/v2\/posts"}],"about":[{"href":"https:\/\/radiowebmx.com\/nota\/wp-json\/wp\/v2\/types\/post"}],"author":[{"embeddable":true,"href":"https:\/\/radiowebmx.com\/nota\/wp-json\/wp\/v2\/users\/1"}],"replies":[{"embeddable":true,"href":"https:\/\/radiowebmx.com\/nota\/wp-json\/wp\/v2\/comments?post=3483"}],"version-history":[{"count":1,"href":"https:\/\/radiowebmx.com\/nota\/wp-json\/wp\/v2\/posts\/3483\/revisions"}],"predecessor-version":[{"id":3484,"href":"https:\/\/radiowebmx.com\/nota\/wp-json\/wp\/v2\/posts\/3483\/revisions\/3484"}],"wp:attachment":[{"href":"https:\/\/radiowebmx.com\/nota\/wp-json\/wp\/v2\/media?parent=3483"}],"wp:term":[{"taxonomy":"category","embeddable":true,"href":"https:\/\/radiowebmx.com\/nota\/wp-json\/wp\/v2\/categories?post=3483"},{"taxonomy":"post_tag","embeddable":true,"href":"https:\/\/radiowebmx.com\/nota\/wp-json\/wp\/v2\/tags?post=3483"}],"curies":[{"name":"wp","href":"https:\/\/api.w.org\/{rel}","templated":true}]}}