{"id":3481,"date":"2013-08-15T12:53:19","date_gmt":"2013-08-15T17:53:19","guid":{"rendered":"https:\/\/radiowebmx.com\/nota\/?p=3481"},"modified":"2013-08-15T12:53:19","modified_gmt":"2013-08-15T17:53:19","slug":"temas-de-cafe-68","status":"publish","type":"post","link":"https:\/\/radiowebmx.com\/nota\/temas-de-cafe-68\/","title":{"rendered":"TEMAS DE CAF\u00c9"},"content":{"rendered":"<ul>\n<li><a href=\"https:\/\/radiowebmx.com\/nota\/wp-content\/uploads\/2013\/06\/temas-de-cafe.jpg\"><img loading=\"lazy\" decoding=\"async\" class=\"alignleft size-full wp-image-2805\" alt=\"temas de cafe\" src=\"https:\/\/radiowebmx.com\/nota\/wp-content\/uploads\/2013\/06\/temas-de-cafe.jpg\" width=\"295\" height=\"171\" \/><\/a>SI SE DEBE APOYAR AL IMCED<\/li>\n<li>JESUS, EL GOBERNADOR:PATY<\/li>\n<li>CARDENAS CONTRA CARDENAS<\/li>\n<li>\u00bfMARCO ODIA A LA CULTURA?<\/li>\n<\/ul>\n<p>No cabe duda que estamos frente a dos estrategias, cual m\u00e1s inteligente, vea usted por un lado el PRI de Pe\u00f1a Nieto, tratando de justificar la entrega de una buen aparte, de la industria petroqu\u00edmica a la IP, ya sea nacional o extranjera, utilizando las palabras y acciones del general L\u00e1zaro C\u00e1rdenas del R\u00edo, por eso nos hemos enterado de los detalles de la expropiaci\u00f3n de la industria petroqu\u00edmica, no del petr\u00f3leo, porque de acuerdo al art\u00edculo 27 de la Constituci\u00f3n, el\u00a0 petr\u00f3leo nunca ha dejado de ser mexicano, por lo cual el t\u00e9rmino \u201cprivatizar\u201d el\u00a0 petr\u00f3leo no queda, no es cierto porque la propiedad del petr\u00f3leo es de la naci\u00f3n, lo que se quiere entregar a sectores de la IP, es algunos aspectos de la petroqu\u00edmica.<\/p>\n<p>AQU\u00cd ES CARDENAS CONTRA CARDENAS<\/p>\n<p>Aqu\u00ed es donde se quiere enfrentar al general C\u00e1rdenas con el ingeniero C\u00e1rdenas, porque tomando las palabras del general, inicialmente es cierto, nunca se opuso a la participaci\u00f3n de capital y tecnolog\u00eda extranjera, para el mejor aprovechamiento del petr\u00f3leo y sus derivados, fue en tiempos del ex presidente Adolfo Ruiz Cort\u00ednez, cuando se empez\u00f3 a acotar la participaci\u00f3n de capitales nacionales y externos,\u00a0 no se debe olvidar que el general C\u00e1rdenas, felicita a Jes\u00fas Reyes Heroles por haber cancelado, contratos de riesgo a contratistas extranjeros, porque otra vez, no acataban las leyes mexicanas.<\/p>\n<p>Mientras que el ingeniero C\u00e1rdenas no est\u00e1 de acuerdo con la modificaci\u00f3n a los art\u00edculos 27 y 28 de la Constituci\u00f3n Mexicana, dentro de la reforma energ\u00e9tica, que impacta a P\u00e9mex y a la CFE, el ingeniero considera que se puede mejorar P\u00e9mex, sin las reformas constitucionales, y para mayor \u00e9nfasis en esta postura, el lunes pr\u00f3ximo es posible sea el mismo ingeniero C\u00e1rdenas, quien presente la propuesta del PRD, que ser\u00e1 muy parecida a la presentada por el mismo ingeniero hace varios d\u00edas. P\u00e9mex necesita modernizarse sin duda, no como lo propone ni el PAN ni el PRI de Pe\u00f1a Nieto, su funcionamiento hoy es obsoleto y anacr\u00f3nico, debe entrar a la modernidad, con capitales de donde sean, pero respetando las leyes mexicanas, simple.<\/p>\n<p>EL IMCED UNA FIGURA QUE DEBE RESPALDARSE<\/p>\n<p>Si M\u00e9xico tuviera una econom\u00eda mixta, el IMCED ser\u00eda el mejor ejemplo, es una instituci\u00f3n que es del gobierno, del estado pues, pero que vive de sus propios recursos, de \u00a0lo que pagan los estudiantes de licenciaturas,\u00a0 diplomados y maestr\u00edas en diversas especialidades, pero que hoy necesita que se le deje trabajar en paz, sin la carga que significa una plaga de perredistas, que han\u00a0 hundido a este Instituto, aunque no\u00a0 han logrado restarle importancia, aunque lo han intentado enviando a personajes, que no tienen la m\u00ednima idea de lo que es el IMCED.<\/p>\n<p>Este Instituto fue creado por el ingeniero Cuauht\u00e9moc C\u00e1rdenas para fortalecer la preparaci\u00f3n y capacitaci\u00f3n de los maestros, su nombre lo se\u00f1ala claramente, Instituto Michoacano de Ciencias de la Educaci\u00f3n y desde su creaci\u00f3n, ha cumplido cabalmente con su funci\u00f3n, solamente en las administraci\u00f3n de L\u00e1zaro y Leonel, se ha minimizado su funci\u00f3n, cuando se pens\u00f3 que L\u00e1zaro por ser creaci\u00f3n de su padre, le pondr\u00eda m\u00e1s atenci\u00f3n, la verdad no fue as\u00ed.<\/p>\n<p>Para no ir muy atr\u00e1s basta comentarles, las \u00faltimas personas enviadas para dirigir este Instituto, primero fue una actuaria egresada de la Lasalle, Aurora Villase\u00f1or Avila, quien hizo todo lo posible por destruir a esta instituci\u00f3n, no pudo por la defensa y dedicaci\u00f3n de los maestros, quienes ganando poco se mantuvieron contra viento y marea, despu\u00e9s lleg\u00f3 la actual directora, Maribel R\u00edos Granados, quien tiene buena intenci\u00f3n, pero nada m\u00e1s, la Instituci\u00f3n no le interesa para nada.<\/p>\n<p>IMCED EN COLIMA, GUACAMAYAS, ZITACUARO<\/p>\n<p>A pesar de los pesares el IMCED se mueve, hoy tiene varias licenciaturas, maestr\u00edas y trabaja para crear dos o tres doctorados, porque tiene las patentes para hacerlo, hasta ahora para darle una idea del potencial del IMCED, cuenta con 50 patentes debidamente registradas, para impartir diplomados, licenciaturas, maestr\u00edas y doctorados, adem\u00e1s cuenta con la cesi\u00f3n de derechos de libros entre los cuales, destaca Historia Social de la Educaci\u00f3n, de un pedagogo italiano, que regal\u00f3 los derechos para Am\u00e9rica Latina de su libro.<\/p>\n<p>El IMCED podr\u00eda volar alto, muy alto pero tiene una ancla, la junta de gobierno que est\u00e1 encabezada por el gobernador, pero nunca asiste, por el secretario de educaci\u00f3n, el cual tampoco asiste y env\u00edan a personas, que no han logrado entender ni valorar la importancia de este Instituto, el cual solamente necesita que lo dejen casi solo, pero en los \u00faltimos a\u00f1os, ha estado en manos de un grupo encabezado, por Rogelio Sosa Pulido y Fabiola Alan\u00eds, que le han dado un perfil desastroso, por ello un grupo de maestros que tienen ah\u00ed toda la vida, han iniciado un movimiento silencioso, que tiene como finalidad explicar al gobierno actual, la situaci\u00f3n para qu\u00e9 les ayuden a cumplir con la funci\u00f3n que se le encomend\u00f3 en el decreto que le da existencia.<\/p>\n<p>Tienen representaci\u00f3n en Guacamayas, donde atienden a los municipios de la costa michoacana y a\u00fan poblaciones de Guerrero, en Zit\u00e1cuaro donde atienden a 22 municipios y en Colima, un grupo de autogesti\u00f3n, a pesar de la situaci\u00f3n el IMCED camina bien, pero podr\u00eda ser mucho mejor, con una direcci\u00f3n que entienda y conozca, a la perfecci\u00f3n el quehacer y funci\u00f3n de este Instituto, porque la situaci\u00f3n por la cual atraviesa Michoac\u00e1n, en cuesti\u00f3n de educaci\u00f3n lo amerita.<\/p>\n<p>DE 100 QUE INICIAN LA PRIMARIA, SOLO 3 LA CONCLUYEN<\/p>\n<p>Usted sabe que Michoac\u00e1n en educaci\u00f3n, tiene cifras aterradoras, estamos en los \u00faltimos lugares, as\u00ed que imagine c\u00f3mo estar\u00e1 la situaci\u00f3n, ya que a nivel nacional de cien hombres y mujeres, que inician la educaci\u00f3n primaria, solamente la concluyen tres, ya ni le contamos cu\u00e1ntos van a maestr\u00edas y doctorados, a\u00fan en el mismo\u00a0 nivel nacional, cada d\u00eda desertan de la educaci\u00f3n preparatoria, mil 500 j\u00f3venes al d\u00eda y esto tiene que revertirse, pero solamente se podr\u00e1 hacer con educaci\u00f3n de calidad, y esto es lo que genera el IMCED, maestros con calidad y capacidad, por eso se le debe ayudar y dejar, que ellos propongan a su nuevo director, lo merecen ellos y la pobre educaci\u00f3n michoacana.<\/p>\n<p>TIERRA CALIENTE ATENDIDA POR LA SEDESOL<\/p>\n<p>El delegado de la Sedesol V\u00edctor Silva, dijo que para esa dependencia federal no hay focos rojos en la entidad, ya que todos los municipios de la Tierra Caliente, reciben con normalidad los programas, como son Oportunidades, 65 y m\u00e1s y el seguro para madres jefas de familia, as\u00ed como el abasto y distribuci\u00f3n de los productos de Liconsa y Diconsa, inicialmente Coalcom\u00e1n no recibi\u00f3 estos beneficios, pero ahora fueron los primeros en recibirlos.<\/p>\n<p>JESUS ES EL GOBERNADOR: PATY MORA DE VALLEJO<\/p>\n<p>Despu\u00e9s de la ola de comentarios en contra, por la aparici\u00f3n de Paty supervisando obras del DIF, y las acertadas cr\u00edticas de la dirigencia\u00a0 estatal del PAN, Miguel Angel Ch\u00e1vez, de que sus apariciones p\u00fablicas oficiales y declaraciones, de que Fausto regresar\u00e1 a gobernar, causan incertidumbre, lo cual es da\u00f1ino para la buena marcha del Estado, Paty dijo que efectivamente, el gobernador es Jes\u00fas Reyna y que los relevos que ha hecho y har\u00e1, son su responsabilidad y tiene todo el derecho de hacerlos. Dijo que seguir\u00e1 una semana m\u00e1s en Morelia, har\u00e1 m\u00e1s recorridos como presidenta del DIF, y regresar\u00e1 a los EU para seguir ayudando a Fausto en su convalecencia. Jes\u00fas est\u00e1 enterado dijo.<\/p>\n<p>MARCO ANTONIO ENEMIGO DE LA EDUCACION<\/p>\n<p>Ultimamente han aumentado las quejas contra Marco Antonio Aguilar Cort\u00e9s, Secretario de Cultura quien nunca ha apoyado a los creadores, se ha centrado en grupos de \u00e9lite,\u00a0 ha manoseado recursos que deber\u00eda entregar, como los 8 millones para preparar el bicentenario de la Constituci\u00f3n de Apatzing\u00e1n, o los 23 millones que tiene destinados para el teatro Matamoros para este a\u00f1o, o las exigencia del Colectivo\u00a0 Trabajadores del Arte y Cultura en Michoac\u00e1n, respaldados por la ATEM, quienes piden entre otras cosas, primero una auditor\u00eda porque el\u00a0 manejo de los recursos, no est\u00e1n claros adem\u00e1s pidieron al Congreso, que no le resten recursos, ya que por lo oscuro del titular, le quitaron recursos este a\u00f1o, adem\u00e1s no piden que lo corran del gobierno, solamente que lo reubiquen en otra actividad, alejado de las cuestione culturales, porque su participaci\u00f3n e<\/p>\n","protected":false},"excerpt":{"rendered":"<p>SI SE DEBE APOYAR AL IMCED JESUS, EL GOBERNADOR:PATY CARDENAS CONTRA CARDENAS \u00bfMARCO ODIA A LA CULTURA? No cabe duda que estamos frente a dos estrategias, cual m\u00e1s inteligente, vea usted por un lado el PRI de Pe\u00f1a Nieto, tratando de justificar la entrega de una buen aparte, de la industria petroqu\u00edmica a la IP, [&hellip;]<\/p>\n","protected":false},"author":1,"featured_media":0,"comment_status":"open","ping_status":"open","sticky":false,"template":"","format":"standard","meta":{"footnotes":""},"categories":[4,14,10],"tags":[],"class_list":["post-3481","post","type-post","status-publish","format-standard","hentry","category-columnistas","category-destacadas","category-juan-manuel-belmonte"],"_links":{"self":[{"href":"https:\/\/radiowebmx.com\/nota\/wp-json\/wp\/v2\/posts\/3481","targetHints":{"allow":["GET"]}}],"collection":[{"href":"https:\/\/radiowebmx.com\/nota\/wp-json\/wp\/v2\/posts"}],"about":[{"href":"https:\/\/radiowebmx.com\/nota\/wp-json\/wp\/v2\/types\/post"}],"author":[{"embeddable":true,"href":"https:\/\/radiowebmx.com\/nota\/wp-json\/wp\/v2\/users\/1"}],"replies":[{"embeddable":true,"href":"https:\/\/radiowebmx.com\/nota\/wp-json\/wp\/v2\/comments?post=3481"}],"version-history":[{"count":1,"href":"https:\/\/radiowebmx.com\/nota\/wp-json\/wp\/v2\/posts\/3481\/revisions"}],"predecessor-version":[{"id":3482,"href":"https:\/\/radiowebmx.com\/nota\/wp-json\/wp\/v2\/posts\/3481\/revisions\/3482"}],"wp:attachment":[{"href":"https:\/\/radiowebmx.com\/nota\/wp-json\/wp\/v2\/media?parent=3481"}],"wp:term":[{"taxonomy":"category","embeddable":true,"href":"https:\/\/radiowebmx.com\/nota\/wp-json\/wp\/v2\/categories?post=3481"},{"taxonomy":"post_tag","embeddable":true,"href":"https:\/\/radiowebmx.com\/nota\/wp-json\/wp\/v2\/tags?post=3481"}],"curies":[{"name":"wp","href":"https:\/\/api.w.org\/{rel}","templated":true}]}}