{"id":34765,"date":"2017-04-28T14:48:44","date_gmt":"2017-04-28T19:48:44","guid":{"rendered":"https:\/\/radiowebmx.com\/nota\/?p=34765"},"modified":"2017-04-28T14:48:44","modified_gmt":"2017-04-28T19:48:44","slug":"alfonso-martinez-encabeza-recorrido-en-bando-solemne-por-476-aniversario-de-la-fundacion-de-morelia","status":"publish","type":"post","link":"https:\/\/radiowebmx.com\/nota\/alfonso-martinez-encabeza-recorrido-en-bando-solemne-por-476-aniversario-de-la-fundacion-de-morelia\/","title":{"rendered":"Alfonso Mart\u00ednez encabeza recorrido en Bando Solemne por 476 Aniversario de la Fundaci\u00f3n de Morelia"},"content":{"rendered":"<p><a href=\"https:\/\/radiowebmx.com\/nota\/wp-content\/uploads\/2017\/04\/86258139-dfd7-41a8-8f7b-23e28071e87c.jpeg\"><img loading=\"lazy\" decoding=\"async\" src=\"https:\/\/radiowebmx.com\/nota\/wp-content\/uploads\/2017\/04\/86258139-dfd7-41a8-8f7b-23e28071e87c-595x396.jpeg\" alt=\"\" width=\"595\" height=\"396\" class=\"alignnone size-medium wp-image-35032\" srcset=\"https:\/\/radiowebmx.com\/nota\/wp-content\/uploads\/2017\/04\/86258139-dfd7-41a8-8f7b-23e28071e87c-595x396.jpeg 595w, https:\/\/radiowebmx.com\/nota\/wp-content\/uploads\/2017\/04\/86258139-dfd7-41a8-8f7b-23e28071e87c-150x100.jpeg 150w, https:\/\/radiowebmx.com\/nota\/wp-content\/uploads\/2017\/04\/86258139-dfd7-41a8-8f7b-23e28071e87c-400x266.jpeg 400w, https:\/\/radiowebmx.com\/nota\/wp-content\/uploads\/2017\/04\/86258139-dfd7-41a8-8f7b-23e28071e87c.jpeg 709w\" sizes=\"auto, (max-width: 595px) 100vw, 595px\" \/><\/a><\/p>\n<p>El Presidente Municipal de Morelia, Alfonso Mart\u00ednez Alc\u00e1zar, encabez\u00f3 la ma\u00f1ana de este viernes, el tradicional recorrido en Bando Solemne para fijar las m\u00e1s de 160 actividades culturales, art\u00edsticas y deportivas contempladas para conmemorar el 476 Aniversario de la Fundaci\u00f3n de Morelia.<\/p>\n<p>En compa\u00f1\u00eda del Subsecretario de Gobierno, Armando Hurtado Ar\u00e9valo; la Presidenta Honoraria del DIF Morelia, Paola Delgadillo de Mart\u00ednez; el Magistrado del Supremo Tribunal de Justicia del Estado, Armando P\u00e9rez G\u00e1lvez; el Rector de la Universidad Michoacana de San Nicol\u00e1s de Hidalgo, Medardo Serna Gonz\u00e1lez; as\u00ed como el titular de la Polic\u00eda Federal en Michoac\u00e1n, Antonio Nieto Uribe, el Alcalde presidi\u00f3 el recorrido y la develaci\u00f3n de los ocho programas ubicados en los sitios m\u00e1s emblem\u00e1ticos del Centro Hist\u00f3rico.<\/p>\n<p>Dirigidos por la Banda de Guerra del 12vo Batall\u00f3n de Infanter\u00eda, los funcionarios de los tres \u00f3rdenes de Gobierno y los integrantes del Cabildo Infantil, develaron como primer punto la placa de Palacio Municipal, para posteriormente hacer lo propio en el Antiguo Palacio de Justicia, la calle Valladolid esquina con Vasco de Quiroga; Palacio Federal; el Congreso del Estado, Palacio de Gobierno, el Portal Hidalgo y el Colegio de San Nicol\u00e1s de Hidalgo.<\/p>\n<p>Posteriormente, el Presidente Municipal, acompa\u00f1ado tambi\u00e9n de los Integrantes del Honorable Cabildo de Morelia y miembros del Consejo Ciudadano, regres\u00f3 a Palacio Municipal donde rindieron honores al L\u00e1baro Patrio.<\/p>\n<p>Es de recordar, que el Bando Solemne es una herramienta empleada por el  Gobierno Local para dar a conocer a la ciudadan\u00eda cualquier reglamento o nueva disposici\u00f3n con car\u00e1cter de obligatoriedad, que reviste de importancia en ocasiones especiales como es el 476 Aniversario de la Fundaci\u00f3n de Morelia.<\/p>\n","protected":false},"excerpt":{"rendered":"<p>El Presidente Municipal de Morelia, Alfonso Mart\u00ednez Alc\u00e1zar, encabez\u00f3 la ma\u00f1ana de este viernes, el tradicional recorrido en Bando Solemne para fijar las m\u00e1s de 160 actividades culturales, art\u00edsticas y deportivas contempladas para conmemorar el 476 Aniversario de la Fundaci\u00f3n de Morelia. En compa\u00f1\u00eda del Subsecretario de Gobierno, Armando Hurtado Ar\u00e9valo; la Presidenta Honoraria del [&hellip;]<\/p>\n","protected":false},"author":2,"featured_media":35032,"comment_status":"closed","ping_status":"closed","sticky":false,"template":"","format":"standard","meta":{"footnotes":""},"categories":[14,9],"tags":[],"class_list":["post-34765","post","type-post","status-publish","format-standard","has-post-thumbnail","hentry","category-destacadas","category-morelia"],"_links":{"self":[{"href":"https:\/\/radiowebmx.com\/nota\/wp-json\/wp\/v2\/posts\/34765","targetHints":{"allow":["GET"]}}],"collection":[{"href":"https:\/\/radiowebmx.com\/nota\/wp-json\/wp\/v2\/posts"}],"about":[{"href":"https:\/\/radiowebmx.com\/nota\/wp-json\/wp\/v2\/types\/post"}],"author":[{"embeddable":true,"href":"https:\/\/radiowebmx.com\/nota\/wp-json\/wp\/v2\/users\/2"}],"replies":[{"embeddable":true,"href":"https:\/\/radiowebmx.com\/nota\/wp-json\/wp\/v2\/comments?post=34765"}],"version-history":[{"count":1,"href":"https:\/\/radiowebmx.com\/nota\/wp-json\/wp\/v2\/posts\/34765\/revisions"}],"predecessor-version":[{"id":35033,"href":"https:\/\/radiowebmx.com\/nota\/wp-json\/wp\/v2\/posts\/34765\/revisions\/35033"}],"wp:featuredmedia":[{"embeddable":true,"href":"https:\/\/radiowebmx.com\/nota\/wp-json\/wp\/v2\/media\/35032"}],"wp:attachment":[{"href":"https:\/\/radiowebmx.com\/nota\/wp-json\/wp\/v2\/media?parent=34765"}],"wp:term":[{"taxonomy":"category","embeddable":true,"href":"https:\/\/radiowebmx.com\/nota\/wp-json\/wp\/v2\/categories?post=34765"},{"taxonomy":"post_tag","embeddable":true,"href":"https:\/\/radiowebmx.com\/nota\/wp-json\/wp\/v2\/tags?post=34765"}],"curies":[{"name":"wp","href":"https:\/\/api.w.org\/{rel}","templated":true}]}}