{"id":34746,"date":"2017-04-27T19:02:26","date_gmt":"2017-04-28T00:02:26","guid":{"rendered":"https:\/\/radiowebmx.com\/nota\/?p=34746"},"modified":"2017-04-28T11:45:40","modified_gmt":"2017-04-28T16:45:40","slug":"abrira-sicdet-ventanilla-de-orientacion-para-registro-de-patentes","status":"publish","type":"post","link":"https:\/\/radiowebmx.com\/nota\/abrira-sicdet-ventanilla-de-orientacion-para-registro-de-patentes\/","title":{"rendered":"Abrir\u00e1 SICDET ventanilla de orientaci\u00f3n para registro de patentes"},"content":{"rendered":"<p><a href=\"https:\/\/radiowebmx.com\/nota\/wp-content\/uploads\/2017\/04\/a5a5beee-f4c1-451d-a6d8-458235caaa27.jpg\"><img loading=\"lazy\" decoding=\"async\" src=\"https:\/\/radiowebmx.com\/nota\/wp-content\/uploads\/2017\/04\/a5a5beee-f4c1-451d-a6d8-458235caaa27-595x303.jpg\" alt=\"\" width=\"595\" height=\"303\" class=\"alignnone size-medium wp-image-34747\" srcset=\"https:\/\/radiowebmx.com\/nota\/wp-content\/uploads\/2017\/04\/a5a5beee-f4c1-451d-a6d8-458235caaa27-595x303.jpg 595w, https:\/\/radiowebmx.com\/nota\/wp-content\/uploads\/2017\/04\/a5a5beee-f4c1-451d-a6d8-458235caaa27-150x76.jpg 150w, https:\/\/radiowebmx.com\/nota\/wp-content\/uploads\/2017\/04\/a5a5beee-f4c1-451d-a6d8-458235caaa27-400x204.jpg 400w, https:\/\/radiowebmx.com\/nota\/wp-content\/uploads\/2017\/04\/a5a5beee-f4c1-451d-a6d8-458235caaa27.jpg 709w\" sizes=\"auto, (max-width: 595px) 100vw, 595px\" \/><\/a><\/p>\n<p>Morelia, Michoac\u00e1n, a 27 de abril de 2017.- La Secretar\u00eda de Innovaci\u00f3n, Ciencia y Desarrollo Tecnol\u00f3gico (SICDET) se convertir\u00e1 en espacio de orientaci\u00f3n para el registro de marcas, patentes, prototipos o modelos de utilidad, a partir de un convenio con el Instituto Mexicano de la Propiedad Industrial (IMPI).<\/p>\n<p>Durante el acto protocolario de la Jornada Estatal de la Propiedad Intelectual, enmarcado en el D\u00eda Mundial de la Propiedad Intelectual, el titular de la SICDET, Jos\u00e9 Luis Monta\u00f1ez Espinosa, firm\u00f3 el convenio correspondiente con el director del IMPI, Miguel Margain Gonz\u00e1lez, con el fin de incentivar las actividades creativas e inventivas.<\/p>\n<p>En el evento, el delegado en la entidad de la Secretar\u00eda de Econom\u00eda (SE), Salvador Abud Mirabent; el coordinador de la Investigaci\u00f3n Cient\u00edfica de la Universidad Michoacana de San Nicol\u00e1s de Hidalgo, Ra\u00fal C\u00e1rdenas Navarro; y el titular de la SICDET coincidieron en que la entidad tiene un alto potencial en su gran veta de investigadores, que se contrapone con el bajo registro de patentes.<\/p>\n<p>Puntualizaron que la falta de protecci\u00f3n de las invenciones genera altos costos de oportunidad porque limita la gesti\u00f3n, transferencia y comercializaci\u00f3n de desarrollos tecnol\u00f3gicos.<\/p>\n<p>Por otra parte, Margain Gonz\u00e1lez y el Premio Estatal de Ciencia 2016, Jos\u00e9 Carlos Rubio \u00c1valos, se\u00f1alaron que adem\u00e1s de generar la patente, otro eslab\u00f3n y reto importante es aplicarla en el emprendimiento, explotarla para que se traduzca en riqueza.<\/p>\n<p>Monta\u00f1ez Espinosa dijo que el estado tiene claras ventajas en el contexto nacional, en las \u00e1reas de agroindustria, metalmec\u00e1nica, ciencias de la salud y el sector automotriz.<\/p>\n<p>Se\u00f1al\u00f3 tambi\u00e9n que en 2016 Michoac\u00e1n gestion\u00f3 una de cada 110 solicitudes de patente ante el IMPI, uno de cada 180 dise\u00f1os industriales, y uno de cada 77 modelos de utilidad.<\/p>\n<p>La Jornada Estatal de la Propiedad Intelectual que inici\u00f3 el 25 de abril comprendi\u00f3 el Foro de Experiencias de Innovaci\u00f3n, en donde cuatro representantes de los sectores acad\u00e9mico y empresarial con destacadas trayectorias en la implementaci\u00f3n de proyectos de innovaci\u00f3n expusieron sus experiencias desde sus respectivas empresas e instituciones.<\/p>\n<p>La presentaci\u00f3n de fondos de innovaci\u00f3n y desarrollo tecnol\u00f3gico por parte de personal del Consejo Nacional de Ciencia y Tecnolog\u00eda (Conacyt) ante los sectores acad\u00e9mico y empresarial.  <\/p>\n<p>El curso &#8220;Forjando Innovadores Protegidos&#8221;, al cual asistieron cerca de 70 participantes que en el mediano plazo integrar\u00e1n una red estatal de especialistas en propiedad intelectual.<\/p>\n<p>El Foro &#8220;Protagonistas de la Propiedad Intelectual en Michoac\u00e1n&#8221;, en el que participaron Arturo Pacheco, representante de la Denominaci\u00f3n de Origen Charanda, y Abel Castillo, presidente del Consejo Michoacano de Marcas Colectivas.<\/p>\n<p>La conferencia magistral &#8220;La innovaci\u00f3n mejora la vida&#8221;, a cargo de Venancio P\u00e9rez G\u00f3mez, vicepresidente de Samsung Electronics.  <\/p>\n<p>En el esfuerzo para integrar la Jornada Estatal de la Propiedad Intelectual participaron el Instituto Mexicano de la Propiedad Intelectual, la Delegaci\u00f3n de la SE, el Conacyt y la SICDET.<\/p>\n","protected":false},"excerpt":{"rendered":"<p>Morelia, Michoac\u00e1n, a 27 de abril de 2017.- La Secretar\u00eda de Innovaci\u00f3n, Ciencia y Desarrollo Tecnol\u00f3gico (SICDET) se convertir\u00e1 en espacio de orientaci\u00f3n para el registro de marcas, patentes, prototipos o modelos de utilidad, a partir de un convenio con el Instituto Mexicano de la Propiedad Industrial (IMPI). Durante el acto protocolario de la Jornada [&hellip;]<\/p>\n","protected":false},"author":2,"featured_media":34747,"comment_status":"closed","ping_status":"closed","sticky":false,"template":"","format":"standard","meta":{"footnotes":""},"categories":[14,3],"tags":[],"class_list":["post-34746","post","type-post","status-publish","format-standard","has-post-thumbnail","hentry","category-destacadas","category-gobierno-del-estado-de-michoacan"],"_links":{"self":[{"href":"https:\/\/radiowebmx.com\/nota\/wp-json\/wp\/v2\/posts\/34746","targetHints":{"allow":["GET"]}}],"collection":[{"href":"https:\/\/radiowebmx.com\/nota\/wp-json\/wp\/v2\/posts"}],"about":[{"href":"https:\/\/radiowebmx.com\/nota\/wp-json\/wp\/v2\/types\/post"}],"author":[{"embeddable":true,"href":"https:\/\/radiowebmx.com\/nota\/wp-json\/wp\/v2\/users\/2"}],"replies":[{"embeddable":true,"href":"https:\/\/radiowebmx.com\/nota\/wp-json\/wp\/v2\/comments?post=34746"}],"version-history":[{"count":1,"href":"https:\/\/radiowebmx.com\/nota\/wp-json\/wp\/v2\/posts\/34746\/revisions"}],"predecessor-version":[{"id":34748,"href":"https:\/\/radiowebmx.com\/nota\/wp-json\/wp\/v2\/posts\/34746\/revisions\/34748"}],"wp:featuredmedia":[{"embeddable":true,"href":"https:\/\/radiowebmx.com\/nota\/wp-json\/wp\/v2\/media\/34747"}],"wp:attachment":[{"href":"https:\/\/radiowebmx.com\/nota\/wp-json\/wp\/v2\/media?parent=34746"}],"wp:term":[{"taxonomy":"category","embeddable":true,"href":"https:\/\/radiowebmx.com\/nota\/wp-json\/wp\/v2\/categories?post=34746"},{"taxonomy":"post_tag","embeddable":true,"href":"https:\/\/radiowebmx.com\/nota\/wp-json\/wp\/v2\/tags?post=34746"}],"curies":[{"name":"wp","href":"https:\/\/api.w.org\/{rel}","templated":true}]}}