{"id":34743,"date":"2017-04-27T18:50:18","date_gmt":"2017-04-27T23:50:18","guid":{"rendered":"https:\/\/radiowebmx.com\/nota\/?p=34743"},"modified":"2017-04-28T11:41:48","modified_gmt":"2017-04-28T16:41:48","slug":"revisan-gobierno-estatal-y-federal-estrategia-nacional-de-inclusion-social","status":"publish","type":"post","link":"https:\/\/radiowebmx.com\/nota\/revisan-gobierno-estatal-y-federal-estrategia-nacional-de-inclusion-social\/","title":{"rendered":"Revisan Gobierno Estatal y Federal Estrategia Nacional de Inclusi\u00f3n Social"},"content":{"rendered":"<p><a href=\"https:\/\/radiowebmx.com\/nota\/wp-content\/uploads\/2017\/04\/82f1f37e-f3bd-4c63-b1fd-dd57b875ea0b.jpeg\"><img loading=\"lazy\" decoding=\"async\" src=\"https:\/\/radiowebmx.com\/nota\/wp-content\/uploads\/2017\/04\/82f1f37e-f3bd-4c63-b1fd-dd57b875ea0b-595x396.jpeg\" alt=\"\" width=\"595\" height=\"396\" class=\"alignnone size-medium wp-image-34744\" srcset=\"https:\/\/radiowebmx.com\/nota\/wp-content\/uploads\/2017\/04\/82f1f37e-f3bd-4c63-b1fd-dd57b875ea0b-595x396.jpeg 595w, https:\/\/radiowebmx.com\/nota\/wp-content\/uploads\/2017\/04\/82f1f37e-f3bd-4c63-b1fd-dd57b875ea0b-150x100.jpeg 150w, https:\/\/radiowebmx.com\/nota\/wp-content\/uploads\/2017\/04\/82f1f37e-f3bd-4c63-b1fd-dd57b875ea0b-400x266.jpeg 400w, https:\/\/radiowebmx.com\/nota\/wp-content\/uploads\/2017\/04\/82f1f37e-f3bd-4c63-b1fd-dd57b875ea0b.jpeg 709w\" sizes=\"auto, (max-width: 595px) 100vw, 595px\" \/><\/a><\/p>\n<p>Morelia, Michoac\u00e1n, a 27 de abril de 2017.- Funcionarios estatales y federales encabezados por el Gobernador Constitucional, Silvano Aureoles Conejo y el secretario de Desarrollo Social federal, Luis Enrique Miranda Nava, sostuvieron una reuni\u00f3n para revisar las acciones, resultados 2016 y metas 2017 de la Estrategia Nacional de Inclusi\u00f3n Social.<\/p>\n<p>En esta intensa reuni\u00f3n de trabajo, luego de que el Gobernador y el titular de Sedesol realizaran una gira de trabajo en el municipio de La Piedad, las y los funcionarios trabajaron en torno a seis mesas: rezago educativo; acceso a los servicios de salud; carencia en acceso a la seguridad social; calidad y espacios de vivienda; servicios b\u00e1sicos de la vivienda y; carencia por acceso a la alimentaci\u00f3n.<\/p>\n<p>En la Sesi\u00f3n Ordinaria del Grupo Directivo de la Estrategia Nacional de Inclusi\u00f3n Social, los titulares de las Secretar\u00edas estatales y Delegaciones federales, revisaron los indicadores en los rubros de educaci\u00f3n, salud, seguridad social, vivienda, alimentaci\u00f3n e ingresos, en algunos de los cuales, se cumplieron las metas mediante las acciones transversales y coordinadas entre dependencias del Gobierno de Michoac\u00e1n que atienden el tema y las Delegaciones Federales.<\/p>\n<p>El Gobernador de Michoac\u00e1n resalt\u00f3 que mediante los programas Palabra de Mujer, Beca Futuro, Vende M\u00e1s y proyectos productivos que impulsan la Secretar\u00eda de Desarrollo Rural y Agroalimentario (Sedrua) y la Secretar\u00eda del Migrante (Semigrante), se fortalece la estrategia federal y se avanza en superar los indicadores de rezago en sectores vulnerables como mujeres jefas de familia, j\u00f3venes, adultos mayores y migrantes en retorno.<\/p>\n<p>De esta manera, con la coordinaci\u00f3n entre el Estado y la Federaci\u00f3n, cada una de las acciones sociales se fortalece en beneficio de las y los michoacanos.<\/p>\n","protected":false},"excerpt":{"rendered":"<p>Morelia, Michoac\u00e1n, a 27 de abril de 2017.- Funcionarios estatales y federales encabezados por el Gobernador Constitucional, Silvano Aureoles Conejo y el secretario de Desarrollo Social federal, Luis Enrique Miranda Nava, sostuvieron una reuni\u00f3n para revisar las acciones, resultados 2016 y metas 2017 de la Estrategia Nacional de Inclusi\u00f3n Social. En esta intensa reuni\u00f3n de [&hellip;]<\/p>\n","protected":false},"author":2,"featured_media":34744,"comment_status":"closed","ping_status":"closed","sticky":false,"template":"","format":"standard","meta":{"footnotes":""},"categories":[14,3],"tags":[],"class_list":["post-34743","post","type-post","status-publish","format-standard","has-post-thumbnail","hentry","category-destacadas","category-gobierno-del-estado-de-michoacan"],"_links":{"self":[{"href":"https:\/\/radiowebmx.com\/nota\/wp-json\/wp\/v2\/posts\/34743","targetHints":{"allow":["GET"]}}],"collection":[{"href":"https:\/\/radiowebmx.com\/nota\/wp-json\/wp\/v2\/posts"}],"about":[{"href":"https:\/\/radiowebmx.com\/nota\/wp-json\/wp\/v2\/types\/post"}],"author":[{"embeddable":true,"href":"https:\/\/radiowebmx.com\/nota\/wp-json\/wp\/v2\/users\/2"}],"replies":[{"embeddable":true,"href":"https:\/\/radiowebmx.com\/nota\/wp-json\/wp\/v2\/comments?post=34743"}],"version-history":[{"count":1,"href":"https:\/\/radiowebmx.com\/nota\/wp-json\/wp\/v2\/posts\/34743\/revisions"}],"predecessor-version":[{"id":34745,"href":"https:\/\/radiowebmx.com\/nota\/wp-json\/wp\/v2\/posts\/34743\/revisions\/34745"}],"wp:featuredmedia":[{"embeddable":true,"href":"https:\/\/radiowebmx.com\/nota\/wp-json\/wp\/v2\/media\/34744"}],"wp:attachment":[{"href":"https:\/\/radiowebmx.com\/nota\/wp-json\/wp\/v2\/media?parent=34743"}],"wp:term":[{"taxonomy":"category","embeddable":true,"href":"https:\/\/radiowebmx.com\/nota\/wp-json\/wp\/v2\/categories?post=34743"},{"taxonomy":"post_tag","embeddable":true,"href":"https:\/\/radiowebmx.com\/nota\/wp-json\/wp\/v2\/tags?post=34743"}],"curies":[{"name":"wp","href":"https:\/\/api.w.org\/{rel}","templated":true}]}}