{"id":34737,"date":"2017-04-27T18:12:46","date_gmt":"2017-04-27T23:12:46","guid":{"rendered":"https:\/\/radiowebmx.com\/nota\/?p=34737"},"modified":"2017-04-28T11:36:06","modified_gmt":"2017-04-28T16:36:06","slug":"michoacan-el-estado-con-mayor-crecimiento-en-actividad-economica","status":"publish","type":"post","link":"https:\/\/radiowebmx.com\/nota\/michoacan-el-estado-con-mayor-crecimiento-en-actividad-economica\/","title":{"rendered":"Michoac\u00e1n, el estado con mayor crecimiento en actividad econ\u00f3mica"},"content":{"rendered":"<p><a href=\"https:\/\/radiowebmx.com\/nota\/wp-content\/uploads\/2017\/04\/974bbdce-545e-45bd-86d7-4b362310580d.jpg\"><img loading=\"lazy\" decoding=\"async\" src=\"https:\/\/radiowebmx.com\/nota\/wp-content\/uploads\/2017\/04\/974bbdce-545e-45bd-86d7-4b362310580d-595x396.jpg\" alt=\"\" width=\"595\" height=\"396\" class=\"alignnone size-medium wp-image-34738\" srcset=\"https:\/\/radiowebmx.com\/nota\/wp-content\/uploads\/2017\/04\/974bbdce-545e-45bd-86d7-4b362310580d-595x396.jpg 595w, https:\/\/radiowebmx.com\/nota\/wp-content\/uploads\/2017\/04\/974bbdce-545e-45bd-86d7-4b362310580d-150x100.jpg 150w, https:\/\/radiowebmx.com\/nota\/wp-content\/uploads\/2017\/04\/974bbdce-545e-45bd-86d7-4b362310580d-400x266.jpg 400w, https:\/\/radiowebmx.com\/nota\/wp-content\/uploads\/2017\/04\/974bbdce-545e-45bd-86d7-4b362310580d.jpg 709w\" sizes=\"auto, (max-width: 595px) 100vw, 595px\" \/><\/a><\/p>\n<p>Morelia, Michoac\u00e1n, a 27 de abril de 2017.- Las pol\u00edticas p\u00fablicas en materia econ\u00f3mica impulsadas por el Gobierno del Estado, que encabeza Silvano Aureoles Conejo, as\u00ed como la confianza del sector empresarial, permitieron que en el cuarto trimestre de 2016 Michoac\u00e1n creciera 10 por ciento en la actividad econ\u00f3mica.<\/p>\n<p>El titular de la Secretar\u00eda de Desarrollo Econ\u00f3mico (Sedeco), Jes\u00fas Melgoza Vel\u00e1zquez, inform\u00f3 lo anterior y destac\u00f3 que Michoac\u00e1n se posicion\u00f3 como el estado de la Rep\u00fablica con mayor crecimiento en su actividad econ\u00f3mica en el \u00faltimo trimestre de 2016, aumentando 10 por ciento en relaci\u00f3n al mismo periodo de 2015, de acuerdo con el Instituto Nacional de Estad\u00edstica y Geograf\u00eda (INEGI).<\/p>\n<p>A decir del encargado de las pol\u00edticas p\u00fablicas en materia de desarrollo econ\u00f3mico, si bien \u00e9stas son buenas noticias, se redoblar\u00e1n esfuerzos para detonar la inversi\u00f3n en Michoac\u00e1n.<\/p>\n<p>\u201cEstamos conformando una agenda conjunta con el sector empresarial para que se consoliden las inversiones en Michoac\u00e1n, tanto las locales como las extranjeras, y mejorar todos los indicadores econ\u00f3micos de la entidad\u201d, indic\u00f3.<\/p>\n<p>Adem\u00e1s de Michoac\u00e1n, las entidades que durante el trimestre octubre-diciembre del a\u00f1o pasado tuvieron los mayores incrementos con cifras desestacionalizadas respecto al trimestre previo en su actividad econ\u00f3mica, fueron Quer\u00e9taro, Colima, Zacatecas, Sinaloa, San Luis Potos\u00ed, Ciudad de M\u00e9xico y Nuevo Le\u00f3n, principalmente.<\/p>\n","protected":false},"excerpt":{"rendered":"<p>Morelia, Michoac\u00e1n, a 27 de abril de 2017.- Las pol\u00edticas p\u00fablicas en materia econ\u00f3mica impulsadas por el Gobierno del Estado, que encabeza Silvano Aureoles Conejo, as\u00ed como la confianza del sector empresarial, permitieron que en el cuarto trimestre de 2016 Michoac\u00e1n creciera 10 por ciento en la actividad econ\u00f3mica. El titular de la Secretar\u00eda de [&hellip;]<\/p>\n","protected":false},"author":2,"featured_media":34738,"comment_status":"closed","ping_status":"closed","sticky":false,"template":"","format":"standard","meta":{"footnotes":""},"categories":[14,3],"tags":[],"class_list":["post-34737","post","type-post","status-publish","format-standard","has-post-thumbnail","hentry","category-destacadas","category-gobierno-del-estado-de-michoacan"],"_links":{"self":[{"href":"https:\/\/radiowebmx.com\/nota\/wp-json\/wp\/v2\/posts\/34737","targetHints":{"allow":["GET"]}}],"collection":[{"href":"https:\/\/radiowebmx.com\/nota\/wp-json\/wp\/v2\/posts"}],"about":[{"href":"https:\/\/radiowebmx.com\/nota\/wp-json\/wp\/v2\/types\/post"}],"author":[{"embeddable":true,"href":"https:\/\/radiowebmx.com\/nota\/wp-json\/wp\/v2\/users\/2"}],"replies":[{"embeddable":true,"href":"https:\/\/radiowebmx.com\/nota\/wp-json\/wp\/v2\/comments?post=34737"}],"version-history":[{"count":1,"href":"https:\/\/radiowebmx.com\/nota\/wp-json\/wp\/v2\/posts\/34737\/revisions"}],"predecessor-version":[{"id":34739,"href":"https:\/\/radiowebmx.com\/nota\/wp-json\/wp\/v2\/posts\/34737\/revisions\/34739"}],"wp:featuredmedia":[{"embeddable":true,"href":"https:\/\/radiowebmx.com\/nota\/wp-json\/wp\/v2\/media\/34738"}],"wp:attachment":[{"href":"https:\/\/radiowebmx.com\/nota\/wp-json\/wp\/v2\/media?parent=34737"}],"wp:term":[{"taxonomy":"category","embeddable":true,"href":"https:\/\/radiowebmx.com\/nota\/wp-json\/wp\/v2\/categories?post=34737"},{"taxonomy":"post_tag","embeddable":true,"href":"https:\/\/radiowebmx.com\/nota\/wp-json\/wp\/v2\/tags?post=34737"}],"curies":[{"name":"wp","href":"https:\/\/api.w.org\/{rel}","templated":true}]}}