{"id":34734,"date":"2017-04-27T17:35:00","date_gmt":"2017-04-27T22:35:00","guid":{"rendered":"https:\/\/radiowebmx.com\/nota\/?p=34734"},"modified":"2017-04-28T11:31:57","modified_gmt":"2017-04-28T16:31:57","slug":"todo-listo-para-el-festival-del-dia-del-nino-2017-en-morelia","status":"publish","type":"post","link":"https:\/\/radiowebmx.com\/nota\/todo-listo-para-el-festival-del-dia-del-nino-2017-en-morelia\/","title":{"rendered":"Todo listo para el Festival del D\u00eda del Ni\u00f1o 2017 en Morelia"},"content":{"rendered":"<p><a href=\"https:\/\/radiowebmx.com\/nota\/wp-content\/uploads\/2017\/04\/32dd60c1-19bb-47b3-b907-452d6f245776.jpg\"><img loading=\"lazy\" decoding=\"async\" src=\"https:\/\/radiowebmx.com\/nota\/wp-content\/uploads\/2017\/04\/32dd60c1-19bb-47b3-b907-452d6f245776-595x396.jpg\" alt=\"\" width=\"595\" height=\"396\" class=\"alignnone size-medium wp-image-34735\" srcset=\"https:\/\/radiowebmx.com\/nota\/wp-content\/uploads\/2017\/04\/32dd60c1-19bb-47b3-b907-452d6f245776-595x396.jpg 595w, https:\/\/radiowebmx.com\/nota\/wp-content\/uploads\/2017\/04\/32dd60c1-19bb-47b3-b907-452d6f245776-150x100.jpg 150w, https:\/\/radiowebmx.com\/nota\/wp-content\/uploads\/2017\/04\/32dd60c1-19bb-47b3-b907-452d6f245776-400x266.jpg 400w, https:\/\/radiowebmx.com\/nota\/wp-content\/uploads\/2017\/04\/32dd60c1-19bb-47b3-b907-452d6f245776.jpg 709w\" sizes=\"auto, (max-width: 595px) 100vw, 595px\" \/><\/a><\/p>\n<p>Como parte de la atenci\u00f3n y desarrollo integral de la ni\u00f1ez, el cual incluye acceso a espacios recreativos y eventos que fomenten la integraci\u00f3n familiar y la sana convivencia, el DIF Morelia tiene todo preparado para realizar el Festival del D\u00eda del Ni\u00f1o 2017, el cual tendr\u00e1 como sede la Plaza Valladolid, el pr\u00f3ximo 30 de abril, a partir de las 10:00 horas.<\/p>\n<p>La Presidenta Honoraria del DIF, Paola Delgadillo Mart\u00ednez, record\u00f3 que este evento forma parte de los 15 que se realizar\u00e1n por parte de las diferentes dependencias municipales, los cuales han tenido presencia en la zona rural y que al concluir al 2 de mayo.<\/p>\n<p>Es de resaltar que para el festejo del 30 de abril se tiene una expectativa de asistencia de 15 mil ni\u00f1os y superar la afluencia del a\u00f1o pasado, para el cual se instalar\u00e1 un montaje de juegos mec\u00e1nicos e inflables gigantes; atracciones como show de payasos, rifas, pinta caritas y se entregar\u00e1 un obsequio a los peque\u00f1os.<\/p>\n<p>Delgadillo de Mart\u00ednez trajo a cuenta que este evento ser\u00e1 incluyente con la participaci\u00f3n del Centro de Cultura para la Discapacidad (CCD) del DIF Morelia, quienes tienen capacitaci\u00f3n en protocolo para la discapacidad y estar\u00e1n apoyando a quienes lo requieran para que disfruten de las atracciones.<\/p>\n<p>Importante recordar que para el ingreso a la instalaci\u00f3n se entregar\u00e1n pases de entrada que servir\u00e1n tanto para el acceso, como para recibir un obsequio y participar en las rifas.<\/p>\n<p>Aunado a esto y para permitir un mejor disfrute y seguridad de los asistentes, se tendr\u00e1 acceso controlado y cierre de vialidades; Los cierres viales ser\u00e1n en la calle Humboldt desde Vicente Santa Mar\u00eda hasta la calle Vasco de Quiroga y se cerrar\u00e1 tambi\u00e9n la Vasco de Quiroga y Bartolom\u00e9 de Las Casas, a la altura de la Plaza Valladolid; adem\u00e1s de Antonio Alzate y Pablo Beamout.<\/p>\n<p>El cierre de la calle Humboldt se llevar\u00e1 a cabo a partir de las 0:00 horas del d\u00eda 30 para hacer la instalaci\u00f3n y las otras vialidades se cerrar\u00e1n a partir de las 9:00 horas y se reabrir\u00e1n conforme se vayan retirando los asistentes.<\/p>\n<p>De esta forma, el Ayuntamiento de Morelia da un festejo digno e incluyente a los ni\u00f1os del municipio y descentraliza estas actividades al llegar a las 14 tenencias del municipio, para llevar alegr\u00edas y sorpresas al sector infantil en la zona rural.<\/p>\n","protected":false},"excerpt":{"rendered":"<p>Como parte de la atenci\u00f3n y desarrollo integral de la ni\u00f1ez, el cual incluye acceso a espacios recreativos y eventos que fomenten la integraci\u00f3n familiar y la sana convivencia, el DIF Morelia tiene todo preparado para realizar el Festival del D\u00eda del Ni\u00f1o 2017, el cual tendr\u00e1 como sede la Plaza Valladolid, el pr\u00f3ximo 30 [&hellip;]<\/p>\n","protected":false},"author":2,"featured_media":34735,"comment_status":"closed","ping_status":"closed","sticky":false,"template":"","format":"standard","meta":{"footnotes":""},"categories":[14,9],"tags":[],"class_list":["post-34734","post","type-post","status-publish","format-standard","has-post-thumbnail","hentry","category-destacadas","category-morelia"],"_links":{"self":[{"href":"https:\/\/radiowebmx.com\/nota\/wp-json\/wp\/v2\/posts\/34734","targetHints":{"allow":["GET"]}}],"collection":[{"href":"https:\/\/radiowebmx.com\/nota\/wp-json\/wp\/v2\/posts"}],"about":[{"href":"https:\/\/radiowebmx.com\/nota\/wp-json\/wp\/v2\/types\/post"}],"author":[{"embeddable":true,"href":"https:\/\/radiowebmx.com\/nota\/wp-json\/wp\/v2\/users\/2"}],"replies":[{"embeddable":true,"href":"https:\/\/radiowebmx.com\/nota\/wp-json\/wp\/v2\/comments?post=34734"}],"version-history":[{"count":1,"href":"https:\/\/radiowebmx.com\/nota\/wp-json\/wp\/v2\/posts\/34734\/revisions"}],"predecessor-version":[{"id":34736,"href":"https:\/\/radiowebmx.com\/nota\/wp-json\/wp\/v2\/posts\/34734\/revisions\/34736"}],"wp:featuredmedia":[{"embeddable":true,"href":"https:\/\/radiowebmx.com\/nota\/wp-json\/wp\/v2\/media\/34735"}],"wp:attachment":[{"href":"https:\/\/radiowebmx.com\/nota\/wp-json\/wp\/v2\/media?parent=34734"}],"wp:term":[{"taxonomy":"category","embeddable":true,"href":"https:\/\/radiowebmx.com\/nota\/wp-json\/wp\/v2\/categories?post=34734"},{"taxonomy":"post_tag","embeddable":true,"href":"https:\/\/radiowebmx.com\/nota\/wp-json\/wp\/v2\/tags?post=34734"}],"curies":[{"name":"wp","href":"https:\/\/api.w.org\/{rel}","templated":true}]}}