{"id":34731,"date":"2017-04-27T17:11:15","date_gmt":"2017-04-27T22:11:15","guid":{"rendered":"https:\/\/radiowebmx.com\/nota\/?p=34731"},"modified":"2017-04-28T11:25:44","modified_gmt":"2017-04-28T16:25:44","slug":"ayuntamiento-de-morelia-garante-en-derechos-laborales-de-empleados-municipales","status":"publish","type":"post","link":"https:\/\/radiowebmx.com\/nota\/ayuntamiento-de-morelia-garante-en-derechos-laborales-de-empleados-municipales\/","title":{"rendered":"Ayuntamiento de Morelia, garante en derechos laborales de empleados municipales"},"content":{"rendered":"<p><a href=\"https:\/\/radiowebmx.com\/nota\/wp-content\/uploads\/2017\/04\/294b3f0a-34c4-47a7-9634-f30b6a76b8f3.jpeg\"><img loading=\"lazy\" decoding=\"async\" src=\"https:\/\/radiowebmx.com\/nota\/wp-content\/uploads\/2017\/04\/294b3f0a-34c4-47a7-9634-f30b6a76b8f3-595x396.jpeg\" alt=\"\" width=\"595\" height=\"396\" class=\"alignnone size-medium wp-image-34732\" srcset=\"https:\/\/radiowebmx.com\/nota\/wp-content\/uploads\/2017\/04\/294b3f0a-34c4-47a7-9634-f30b6a76b8f3-595x396.jpeg 595w, https:\/\/radiowebmx.com\/nota\/wp-content\/uploads\/2017\/04\/294b3f0a-34c4-47a7-9634-f30b6a76b8f3-150x100.jpeg 150w, https:\/\/radiowebmx.com\/nota\/wp-content\/uploads\/2017\/04\/294b3f0a-34c4-47a7-9634-f30b6a76b8f3-400x266.jpeg 400w, https:\/\/radiowebmx.com\/nota\/wp-content\/uploads\/2017\/04\/294b3f0a-34c4-47a7-9634-f30b6a76b8f3.jpeg 709w\" sizes=\"auto, (max-width: 595px) 100vw, 595px\" \/><\/a><\/p>\n<p>Tras el an\u00e1lisis minucioso de cada uno los casos y definir por medio de criterios justos y equitativos, el Cabildo aval\u00f3 por unanimidad en Sesi\u00f3n Ordinaria celebrada este jueves, la solicitud de jubilaci\u00f3n de 28 trabajadores municipales.<\/p>\n<p>Lo anterior luego de que las Comisiones de Gobernaci\u00f3n, Trabajo, Seguridad P\u00fablica y Protecci\u00f3n Civil y la de Hacienda, Financiamiento y Patrimonio, analizaron a profundidad el Oficio n\u00famero SA\/DRH\/1848\/2017, signado por el Secretario de Administraci\u00f3n, Yankel Ben\u00edtez Silva, quien remiti\u00f3 51 expedientes con sus respectivas solicitudes de jubilaci\u00f3n, de los cuales 28 contaron con opini\u00f3n de Procedencia, esto, de conformidad al Art\u00edculo 20 del Reglamento de Jubilaci\u00f3n para los Trabajadores Municipales al Servicio del Ayuntamiento.<\/p>\n<p>Al respecto, el Presidente Municipal de Morelia, Alfonso Mart\u00ednez Alc\u00e1zar, destac\u00f3 el inter\u00e9s del actual Ayuntamiento por otorgar dicha garant\u00eda laboral en base a par\u00e1metros justos como la edad, la antig\u00fcedad y el estado de salud y no por consignas de car\u00e1cter pol\u00edtico o de otra \u00edndole.<\/p>\n<p>&#8220;Est\u00e1 Administraci\u00f3n no est\u00e1 haciendo m\u00e1s que lo que se debe hacer desde un punto de vista humano y respaldando a quienes dieron su vida por Morelia, porque durante mucho tiempo las jubilaciones se otorgaron bajo ciertos criterios, pero en este Gobierno ya no se hace por una cuesti\u00f3n pol\u00edtica&#8221;, afirm\u00f3.<\/p>\n<p>En este tenor, el Alcalde, lament\u00f3 que casos como el de los trabajadores Jes\u00fas Escobar de 90 a\u00f1os, Benito Ch\u00e1vez de la misma edad y Beatriz Ontiveros de 86 a\u00f1os, que ten\u00edan mucho tiempo en la lista de espera, no hab\u00edan podido resolverse por falta de respaldo de quienes decid\u00edan las jubilaciones en el municipio.<\/p>\n<p>Por ello, asegur\u00f3 que el Gobierno que encabeza continuar\u00e1 con esta pol\u00edtica de selecci\u00f3n y se pronunci\u00f3 porque las siguientes administraciones se rijan tambi\u00e9n por estos principios; &#8220;que este sea un precedente que quede muy claro y establecido para que nunca m\u00e1s se tomen decisiones de jubilaciones en base a contentillo y de inter\u00e9s de unos cuantos, sino considerando los principios de equidad y justicia&#8221;, indic\u00f3.<\/p>\n<p>En su oportunidad, el Regidor, Fernando Rodr\u00edguez Herrej\u00f3n, reconoci\u00f3 la sensibilidad y voluntad del Jefe de la Comuna Moreliana por respaldar esta iniciativa; &#8220;es una acci\u00f3n justa para quienes entregaron su vida, tiempo y trabajo al servicio de la Ciudad, por lo que lo m\u00e1s justo que pueden tener, es una pensi\u00f3n digna que les permita vivir los \u00faltimos a\u00f1os de su vida de manera decorosa&#8221;, asegur\u00f3.<\/p>\n<p>En este mismo sentido, la Regidora, Alma Rosa Bahena Villalobos, reconoci\u00f3 el trabajo hecho por las comisiones referidas, quienes efectuaron un gran trabajo para revertir las inercias con las que se ven\u00eda trabajando este tema; &#8220;sin duda alguna, es un parteaguas de esta Administraci\u00f3n a favor de los empleados municipales&#8221;, se\u00f1al\u00f3.<\/p>\n<p>En otro orden de ideas, el Cabildo aprob\u00f3 el Punto de Acuerdo mediante el cual Autoriza la instalaci\u00f3n del Comit\u00e9 T\u00e9cnico de Trabajo Interinstitucional para atender de manera coordinada la Recuperaci\u00f3n y Liberaci\u00f3n de la V\u00eda P\u00fablica y dem\u00e1s Bienes de Uso Com\u00fan o Destinados a un Servicio P\u00fablico.<\/p>\n<p>Al hacer uso de la voz, el Regidor, Jorge Luis Tinoco Ortiz, refiri\u00f3 que es de suma importancia la conformaci\u00f3n de un grupo de trabajo en donde confluyan las dependencias involucradas para revisar cada uno de los casos de vialidades cerradas en la v\u00eda p\u00fablica, as\u00ed como la v\u00eda de soluci\u00f3n.<\/p>\n<p>Asimismo, se turn\u00f3 a comisiones el Punto de Acuerdo mediante el cual se exhorta a la Administraci\u00f3n P\u00fablica Municipal para que mediante un plan de trabajo conjunto, se dote de recursos a la Direcci\u00f3n de Movilidad Urbana dependiente de la Secretar\u00eda de Desarrollo Metropolitano e Infraestructura, para que se lleven a cabo trabajos de mantenimiento preventivo y correctivo en el Sistema Centralizado de Sem\u00e1foros en tiempo real del municipio de Morelia.<\/p>\n<p>En este tenor, el Regidor, Fernando Rodr\u00edguez, explic\u00f3 que la intenci\u00f3n es que la capital michoacana cuente con una infraestructura eficiente de semaforizaci\u00f3n, incidiendo de manera directa en la calidad de vida del ciudadano en lo que respecta a la movilidad, traslados e incluso lo relativo al medio ambiente.<\/p>\n","protected":false},"excerpt":{"rendered":"<p>Tras el an\u00e1lisis minucioso de cada uno los casos y definir por medio de criterios justos y equitativos, el Cabildo aval\u00f3 por unanimidad en Sesi\u00f3n Ordinaria celebrada este jueves, la solicitud de jubilaci\u00f3n de 28 trabajadores municipales. Lo anterior luego de que las Comisiones de Gobernaci\u00f3n, Trabajo, Seguridad P\u00fablica y Protecci\u00f3n Civil y la de [&hellip;]<\/p>\n","protected":false},"author":2,"featured_media":34732,"comment_status":"closed","ping_status":"closed","sticky":false,"template":"","format":"standard","meta":{"footnotes":""},"categories":[14,9],"tags":[],"class_list":["post-34731","post","type-post","status-publish","format-standard","has-post-thumbnail","hentry","category-destacadas","category-morelia"],"_links":{"self":[{"href":"https:\/\/radiowebmx.com\/nota\/wp-json\/wp\/v2\/posts\/34731","targetHints":{"allow":["GET"]}}],"collection":[{"href":"https:\/\/radiowebmx.com\/nota\/wp-json\/wp\/v2\/posts"}],"about":[{"href":"https:\/\/radiowebmx.com\/nota\/wp-json\/wp\/v2\/types\/post"}],"author":[{"embeddable":true,"href":"https:\/\/radiowebmx.com\/nota\/wp-json\/wp\/v2\/users\/2"}],"replies":[{"embeddable":true,"href":"https:\/\/radiowebmx.com\/nota\/wp-json\/wp\/v2\/comments?post=34731"}],"version-history":[{"count":1,"href":"https:\/\/radiowebmx.com\/nota\/wp-json\/wp\/v2\/posts\/34731\/revisions"}],"predecessor-version":[{"id":34733,"href":"https:\/\/radiowebmx.com\/nota\/wp-json\/wp\/v2\/posts\/34731\/revisions\/34733"}],"wp:featuredmedia":[{"embeddable":true,"href":"https:\/\/radiowebmx.com\/nota\/wp-json\/wp\/v2\/media\/34732"}],"wp:attachment":[{"href":"https:\/\/radiowebmx.com\/nota\/wp-json\/wp\/v2\/media?parent=34731"}],"wp:term":[{"taxonomy":"category","embeddable":true,"href":"https:\/\/radiowebmx.com\/nota\/wp-json\/wp\/v2\/categories?post=34731"},{"taxonomy":"post_tag","embeddable":true,"href":"https:\/\/radiowebmx.com\/nota\/wp-json\/wp\/v2\/tags?post=34731"}],"curies":[{"name":"wp","href":"https:\/\/api.w.org\/{rel}","templated":true}]}}