{"id":3473,"date":"2013-08-15T12:43:09","date_gmt":"2013-08-15T17:43:09","guid":{"rendered":"https:\/\/radiowebmx.com\/nota\/?p=3473"},"modified":"2013-08-15T12:43:09","modified_gmt":"2013-08-15T17:43:09","slug":"eduardo-ferrer-mac-gregor-y-ruben-sanchez-gil-presentaran-libro-sobre-nueva-ley-de-amparo-como-cierre-del-curso-en-el-poder-judicial-de-michoacan","status":"publish","type":"post","link":"https:\/\/radiowebmx.com\/nota\/eduardo-ferrer-mac-gregor-y-ruben-sanchez-gil-presentaran-libro-sobre-nueva-ley-de-amparo-como-cierre-del-curso-en-el-poder-judicial-de-michoacan\/","title":{"rendered":"Eduardo Ferrer Mac-Gregor y Rub\u00e9n S\u00e1nchez Gil, presentar\u00e1n libro sobre Nueva Ley de Amparo como cierre del curso en el Poder Judicial de Michoac\u00e1n"},"content":{"rendered":"<p>Para concluir las actividades del <i>Primer curso sobre reformas constitucionales y legales en materia de amparo<\/i>, organizado por el Consejo del Poder Judicial de Michoac\u00e1n a trav\u00e9s del Instituto de la Judicatura, este viernes 16 de agosto se presentar\u00e1 el libro: <i>El nuevo juicio de amparo, gu\u00eda de la reforma constitucional y la nueva ley de amparo<\/i>.<\/p>\n<p>&nbsp;<\/p>\n<p>En el evento participar\u00e1n los autores de la obra,<i> <\/i>Eduardo Ferrer Mac-Gregor y Rub\u00e9n S\u00e1nchez\u00a0 Gil, especialistas en diversas ramas del derecho. Los comentarios estar\u00e1n a cargo de Victorino Rojas Rivera, magistrado de circuito del Primer Tribunal Colegiado en Materias Administrativa y de Trabajo del D\u00e9cimo Primer Circuito; Alejandro Gonz\u00e1lez G\u00f3mez, magistrado de la Primera Sala Penal del Supremo Tribunal de Justicia del Estado y Jaime del R\u00edo Salcedo, consejero del Poder Judicial de Michoac\u00e1n.<\/p>\n<p>&nbsp;<\/p>\n<p>Sobre el libro, destaca el trabajo de los autores por analizar las razones que dieron lugar a la publicaci\u00f3n de la reforma en materia de amparo, as\u00ed como los aspectos fundamentales e innovaciones m\u00e1s destacadas que los juristas deben atender y aplicar en la impartici\u00f3n de justicia.<\/p>\n<p>&nbsp;<\/p>\n<p>Adem\u00e1s de presentar dicha obra en la capital michoacana, la presencia de los investigadores servir\u00e1 para lograr acuerdos de colaboraci\u00f3n conjunta con el Poder Judicial de Michoac\u00e1n.<\/p>\n<p>&nbsp;<\/p>\n<p><b><i>Primer curso sobre reformas constitucionales y legales en materia de amparo<\/i><\/b><\/p>\n<p>&nbsp;<\/p>\n<p>El objetivo del programa acad\u00e9mico fue capacitar a los servidores p\u00fablicos de la instituci\u00f3n en el tema de las reformas constitucionales y legales en materia de amparo, para su adecuado conocimiento y comprensi\u00f3n.<\/p>\n<p>&nbsp;<\/p>\n<p>En esta primera edici\u00f3n del curso participaron 180 personas, entre magistrados y jueces de primera instancia, mixtos y especializados, as\u00ed como de los juzgados menores de toda la entidad.<\/p>\n<p>&nbsp;<\/p>\n<p>Los m\u00f3dulos que conformaron el programa fueron: El amparo en M\u00e9xico (cambios y disposiciones generales); El amparo indirecto en la nueva ley de amparo; El amparo directo en la nueva ley de amparo; Responsabilidades y sanciones en la nueva ley de amparo y El cumplimiento de las sentencias en la nueva ley de amparo.<\/p>\n<p>&nbsp;<\/p>\n<p>Con \u00e9sta y otras acciones, el Poder Judicial de Michoac\u00e1n fortalece la capacitaci\u00f3n de los servidores p\u00fablicos, con el objetivo de ofrecer un servicio de impartici\u00f3n justicia con calidad, eficiente y oportuno.<\/p>\n<p>&nbsp;<\/p>\n<p>&nbsp;<\/p>\n<p>&nbsp;<\/p>\n<p>&nbsp;<\/p>\n<p>&nbsp;<\/p>\n","protected":false},"excerpt":{"rendered":"<p>Para concluir las actividades del Primer curso sobre reformas constitucionales y legales en materia de amparo, organizado por el Consejo del Poder Judicial de Michoac\u00e1n a trav\u00e9s del Instituto de la Judicatura, este viernes 16 de agosto se presentar\u00e1 el libro:<\/p>\n","protected":false},"author":1,"featured_media":0,"comment_status":"open","ping_status":"open","sticky":false,"template":"","format":"standard","meta":{"footnotes":""},"categories":[3],"tags":[],"class_list":["post-3473","post","type-post","status-publish","format-standard","hentry","category-gobierno-del-estado-de-michoacan"],"_links":{"self":[{"href":"https:\/\/radiowebmx.com\/nota\/wp-json\/wp\/v2\/posts\/3473","targetHints":{"allow":["GET"]}}],"collection":[{"href":"https:\/\/radiowebmx.com\/nota\/wp-json\/wp\/v2\/posts"}],"about":[{"href":"https:\/\/radiowebmx.com\/nota\/wp-json\/wp\/v2\/types\/post"}],"author":[{"embeddable":true,"href":"https:\/\/radiowebmx.com\/nota\/wp-json\/wp\/v2\/users\/1"}],"replies":[{"embeddable":true,"href":"https:\/\/radiowebmx.com\/nota\/wp-json\/wp\/v2\/comments?post=3473"}],"version-history":[{"count":1,"href":"https:\/\/radiowebmx.com\/nota\/wp-json\/wp\/v2\/posts\/3473\/revisions"}],"predecessor-version":[{"id":3474,"href":"https:\/\/radiowebmx.com\/nota\/wp-json\/wp\/v2\/posts\/3473\/revisions\/3474"}],"wp:attachment":[{"href":"https:\/\/radiowebmx.com\/nota\/wp-json\/wp\/v2\/media?parent=3473"}],"wp:term":[{"taxonomy":"category","embeddable":true,"href":"https:\/\/radiowebmx.com\/nota\/wp-json\/wp\/v2\/categories?post=3473"},{"taxonomy":"post_tag","embeddable":true,"href":"https:\/\/radiowebmx.com\/nota\/wp-json\/wp\/v2\/tags?post=3473"}],"curies":[{"name":"wp","href":"https:\/\/api.w.org\/{rel}","templated":true}]}}