{"id":34721,"date":"2017-04-27T14:58:50","date_gmt":"2017-04-27T19:58:50","guid":{"rendered":"https:\/\/radiowebmx.com\/nota\/?p=34721"},"modified":"2017-04-27T14:58:50","modified_gmt":"2017-04-27T19:58:50","slug":"gobierno-municipal-fincara-responsabilidades-por-danos-en-arco-de-acueducto","status":"publish","type":"post","link":"https:\/\/radiowebmx.com\/nota\/gobierno-municipal-fincara-responsabilidades-por-danos-en-arco-de-acueducto\/","title":{"rendered":"Gobierno Municipal fincar\u00e1 responsabilidades por da\u00f1os en arco de Acueducto"},"content":{"rendered":"<p><a href=\"https:\/\/radiowebmx.com\/nota\/wp-content\/uploads\/2017\/04\/6f32003a-a17e-476f-9809-932de65b7171.jpg\"><img loading=\"lazy\" decoding=\"async\" src=\"https:\/\/radiowebmx.com\/nota\/wp-content\/uploads\/2017\/04\/6f32003a-a17e-476f-9809-932de65b7171-595x396.jpg\" alt=\"\" width=\"595\" height=\"396\" class=\"alignnone size-medium wp-image-34722\" srcset=\"https:\/\/radiowebmx.com\/nota\/wp-content\/uploads\/2017\/04\/6f32003a-a17e-476f-9809-932de65b7171-595x396.jpg 595w, https:\/\/radiowebmx.com\/nota\/wp-content\/uploads\/2017\/04\/6f32003a-a17e-476f-9809-932de65b7171-150x100.jpg 150w, https:\/\/radiowebmx.com\/nota\/wp-content\/uploads\/2017\/04\/6f32003a-a17e-476f-9809-932de65b7171-400x266.jpg 400w, https:\/\/radiowebmx.com\/nota\/wp-content\/uploads\/2017\/04\/6f32003a-a17e-476f-9809-932de65b7171.jpg 709w\" sizes=\"auto, (max-width: 595px) 100vw, 595px\" \/><\/a><\/p>\n<p>Luego de que este mi\u00e9rcoles una unidad de carga al atravesar los arcos del Acueducto provocar\u00e1 da\u00f1os en el mismo, el Gerente del Patrimonio Cultural de Morelia Gaspar Hern\u00e1ndez Razo, dio a conocer que en conjunto con personal del Instituto Nacional de Antropolog\u00eda e Historia (INAH), se  encuentra levantando un acta circunstanciada de los hechos para presentarla ante el Jur\u00eddico del Ayuntamiento y as\u00ed fincar responsabilidad a quien resulte responsable.<\/p>\n<p>Hern\u00e1ndez Razo aclar\u00f3 que resulta de suma importancia para el Gobierno Municipal que encabeza el Alcalde, Alfonso Mart\u00ednez Alc\u00e1zar, promover en la ciudadan\u00eda la importancia del cuidado de los sitios y monumentos hist\u00f3ricos de la capital michoacana en aras de mantener el importante estatus de \u201cCiudad Patrimonio Cultural de la Humanidad\u201d.<\/p>\n<p>En este tenor, adelant\u00f3 que la Gerencia se presentar\u00e1 en el lugar de los hechos en conjunto con personal del INAH, y una vez establecida el acta, se buscar\u00e1 el argumento de los testigos de los da\u00f1os al acueducto de Morelia.<\/p>\n<p>Record\u00f3 que el arco que result\u00f3 golpeado luego del paso de este cami\u00f3n, es el que se encuentra a la altura de la calle Francisco M\u00e1rquez en la Colonia Chapultepec Norte.<\/p>\n<p>De esta forma, el Ayuntamiento de Morelia refrenda su compromiso de realizar un cuidado firme y permanente a los monumentos hist\u00f3ricos de la ciudad de la Cantera Rosa, exhortando a los morelianos a vigilar y cuidar el patrimonio.<\/p>\n","protected":false},"excerpt":{"rendered":"<p>Luego de que este mi\u00e9rcoles una unidad de carga al atravesar los arcos del Acueducto provocar\u00e1 da\u00f1os en el mismo, el Gerente del Patrimonio Cultural de Morelia Gaspar Hern\u00e1ndez Razo, dio a conocer que en conjunto con personal del Instituto Nacional de Antropolog\u00eda e Historia (INAH), se encuentra levantando un acta circunstanciada de los hechos [&hellip;]<\/p>\n","protected":false},"author":2,"featured_media":34722,"comment_status":"closed","ping_status":"closed","sticky":false,"template":"","format":"standard","meta":{"footnotes":""},"categories":[14,9],"tags":[],"class_list":["post-34721","post","type-post","status-publish","format-standard","has-post-thumbnail","hentry","category-destacadas","category-morelia"],"_links":{"self":[{"href":"https:\/\/radiowebmx.com\/nota\/wp-json\/wp\/v2\/posts\/34721","targetHints":{"allow":["GET"]}}],"collection":[{"href":"https:\/\/radiowebmx.com\/nota\/wp-json\/wp\/v2\/posts"}],"about":[{"href":"https:\/\/radiowebmx.com\/nota\/wp-json\/wp\/v2\/types\/post"}],"author":[{"embeddable":true,"href":"https:\/\/radiowebmx.com\/nota\/wp-json\/wp\/v2\/users\/2"}],"replies":[{"embeddable":true,"href":"https:\/\/radiowebmx.com\/nota\/wp-json\/wp\/v2\/comments?post=34721"}],"version-history":[{"count":1,"href":"https:\/\/radiowebmx.com\/nota\/wp-json\/wp\/v2\/posts\/34721\/revisions"}],"predecessor-version":[{"id":34723,"href":"https:\/\/radiowebmx.com\/nota\/wp-json\/wp\/v2\/posts\/34721\/revisions\/34723"}],"wp:featuredmedia":[{"embeddable":true,"href":"https:\/\/radiowebmx.com\/nota\/wp-json\/wp\/v2\/media\/34722"}],"wp:attachment":[{"href":"https:\/\/radiowebmx.com\/nota\/wp-json\/wp\/v2\/media?parent=34721"}],"wp:term":[{"taxonomy":"category","embeddable":true,"href":"https:\/\/radiowebmx.com\/nota\/wp-json\/wp\/v2\/categories?post=34721"},{"taxonomy":"post_tag","embeddable":true,"href":"https:\/\/radiowebmx.com\/nota\/wp-json\/wp\/v2\/tags?post=34721"}],"curies":[{"name":"wp","href":"https:\/\/api.w.org\/{rel}","templated":true}]}}