{"id":34717,"date":"2017-04-27T14:38:36","date_gmt":"2017-04-27T19:38:36","guid":{"rendered":"https:\/\/radiowebmx.com\/nota\/?p=34717"},"modified":"2017-04-27T14:38:36","modified_gmt":"2017-04-27T19:38:36","slug":"fomenta-cecytem-cultura-y-deporte-en-sus-estudiantes","status":"publish","type":"post","link":"https:\/\/radiowebmx.com\/nota\/fomenta-cecytem-cultura-y-deporte-en-sus-estudiantes\/","title":{"rendered":"Fomenta CECyTEM cultura y deporte en sus estudiantes"},"content":{"rendered":"<p><a href=\"https:\/\/radiowebmx.com\/nota\/wp-content\/uploads\/2017\/04\/5776cdd3-1b66-49fa-a2ee-457b8465fbd5.jpg\"><img loading=\"lazy\" decoding=\"async\" src=\"https:\/\/radiowebmx.com\/nota\/wp-content\/uploads\/2017\/04\/5776cdd3-1b66-49fa-a2ee-457b8465fbd5-595x396.jpg\" alt=\"\" width=\"595\" height=\"396\" class=\"alignnone size-medium wp-image-34718\" srcset=\"https:\/\/radiowebmx.com\/nota\/wp-content\/uploads\/2017\/04\/5776cdd3-1b66-49fa-a2ee-457b8465fbd5-595x396.jpg 595w, https:\/\/radiowebmx.com\/nota\/wp-content\/uploads\/2017\/04\/5776cdd3-1b66-49fa-a2ee-457b8465fbd5-150x100.jpg 150w, https:\/\/radiowebmx.com\/nota\/wp-content\/uploads\/2017\/04\/5776cdd3-1b66-49fa-a2ee-457b8465fbd5-400x266.jpg 400w, https:\/\/radiowebmx.com\/nota\/wp-content\/uploads\/2017\/04\/5776cdd3-1b66-49fa-a2ee-457b8465fbd5.jpg 709w\" sizes=\"auto, (max-width: 595px) 100vw, 595px\" \/><\/a><\/p>\n<p>Morelia, Michoac\u00e1n, a 27 de abril de 2017.- Con la finalidad de incentivar las actividades culturales y deportivas entre los estudiantes del Colegio de Estudios Cient\u00edficos y Tecnol\u00f3gicos del Estado de Michoac\u00e1n (CECyTEM), este jueves se efectuaron las Jornadas Interregionales Culturales y Deportivas de los Centros de Educaci\u00f3n Media Superior a Distancia (CEMSaD), con la participaci\u00f3n de m\u00e1s de mil alumnos del subsistema de las zonas norte y sur de la entidad.<\/p>\n<p>Durante el acto de inauguraci\u00f3n del evento zona norte, en la que participan 31 planteles y celebrado en las instalaciones de la Universidad La Salle de Morelia, la directora acad\u00e9mica del CECyTEM, Norma Ang\u00e9lica Flores Carrazco, quien asisti\u00f3 con la representaci\u00f3n de la directora general, Mar\u00eda del Carmen Escobedo P\u00e9rez, destac\u00f3 la importancia de la pr\u00e1ctica de alg\u00fan deporte en la vida diaria.<\/p>\n<p>Por su parte, el director administrativo de la Universidad La Salle, Sergio Francisco Barraza Ibarra, reconoci\u00f3 el esfuerzo de los docentes, directivos de planteles y de la Direcci\u00f3n general para la organizaci\u00f3n de este tipo de eventos, en los que los estudiantes dan muestra de sus cualidades y aptitudes.<\/p>\n<p>La subdirectora de los CEMSaD y encargada de inaugurar el evento, Teresa Ocampo Barrueta, afirm\u00f3 que \u201cla cultura est\u00e1 presente en los centros educativos del subsistema, pues contamos con excelentes alumnos que destacan en todas las competencias deportivas y culturales y que tambi\u00e9n hoy participan para poner en alto el nombre de sus planteles y ganar en las disciplinas para llegar a la Jornada Estatal Cultural y Deportiva, que se llevar\u00e1 a cabo en Morelia del 14 al 16 de junio\u201d.<\/p>\n<p>Los estudiantes participan en las competencias deportivas de futbol, basquetbol y voleibol en las ramas varonil y femenil; y en las  disciplinas culturales de declamaci\u00f3n, oratoria, canto, poes\u00eda, escultura, pintura, ajedrez, cuento corto, escolta y danza.<\/p>\n<p>Cabe precisar que en Apatzing\u00e1n se realiz\u00f3 la inauguraci\u00f3n de la zona sur, en la unidad deportiva \u201cAdolfo L\u00f3pez Mateos\u201d, con una participaci\u00f3n de 407 alumnos de 20 planteles.<\/p>\n","protected":false},"excerpt":{"rendered":"<p>Morelia, Michoac\u00e1n, a 27 de abril de 2017.- Con la finalidad de incentivar las actividades culturales y deportivas entre los estudiantes del Colegio de Estudios Cient\u00edficos y Tecnol\u00f3gicos del Estado de Michoac\u00e1n (CECyTEM), este jueves se efectuaron las Jornadas Interregionales Culturales y Deportivas de los Centros de Educaci\u00f3n Media Superior a Distancia (CEMSaD), con la [&hellip;]<\/p>\n","protected":false},"author":2,"featured_media":34718,"comment_status":"closed","ping_status":"closed","sticky":false,"template":"","format":"standard","meta":{"footnotes":""},"categories":[14,3],"tags":[],"class_list":["post-34717","post","type-post","status-publish","format-standard","has-post-thumbnail","hentry","category-destacadas","category-gobierno-del-estado-de-michoacan"],"_links":{"self":[{"href":"https:\/\/radiowebmx.com\/nota\/wp-json\/wp\/v2\/posts\/34717","targetHints":{"allow":["GET"]}}],"collection":[{"href":"https:\/\/radiowebmx.com\/nota\/wp-json\/wp\/v2\/posts"}],"about":[{"href":"https:\/\/radiowebmx.com\/nota\/wp-json\/wp\/v2\/types\/post"}],"author":[{"embeddable":true,"href":"https:\/\/radiowebmx.com\/nota\/wp-json\/wp\/v2\/users\/2"}],"replies":[{"embeddable":true,"href":"https:\/\/radiowebmx.com\/nota\/wp-json\/wp\/v2\/comments?post=34717"}],"version-history":[{"count":1,"href":"https:\/\/radiowebmx.com\/nota\/wp-json\/wp\/v2\/posts\/34717\/revisions"}],"predecessor-version":[{"id":34719,"href":"https:\/\/radiowebmx.com\/nota\/wp-json\/wp\/v2\/posts\/34717\/revisions\/34719"}],"wp:featuredmedia":[{"embeddable":true,"href":"https:\/\/radiowebmx.com\/nota\/wp-json\/wp\/v2\/media\/34718"}],"wp:attachment":[{"href":"https:\/\/radiowebmx.com\/nota\/wp-json\/wp\/v2\/media?parent=34717"}],"wp:term":[{"taxonomy":"category","embeddable":true,"href":"https:\/\/radiowebmx.com\/nota\/wp-json\/wp\/v2\/categories?post=34717"},{"taxonomy":"post_tag","embeddable":true,"href":"https:\/\/radiowebmx.com\/nota\/wp-json\/wp\/v2\/tags?post=34717"}],"curies":[{"name":"wp","href":"https:\/\/api.w.org\/{rel}","templated":true}]}}